{"id":24315,"date":"2015-02-09T11:20:53","date_gmt":"2015-02-09T16:20:53","guid":{"rendered":"http:\/\/www.ambiente.gob.ec\/?p=24315"},"modified":"2015-02-10T11:27:28","modified_gmt":"2015-02-10T16:27:28","slug":"mae-realizo-una-caravana-de-llamas-en-el-parque-nacional-llanganates-por-el-dia-internacional-de-los-humedales","status":"publish","type":"post","link":"https:\/\/www.ambienteyenergia.gob.ec\/ambiente\/mae-realizo-una-caravana-de-llamas-en-el-parque-nacional-llanganates-por-el-dia-internacional-de-los-humedales\/","title":{"rendered":"MAE realiz\u00f3 una caravana de llamas en el Parque Nacional Llanganates, por el d\u00eda internacional de los humedales"},"content":{"rendered":"<p style=\"text-align: justify;\">Con el fin de realzar la importancia a nivel local y de visibilizar la necesidad de conservar el Complejo de Humedal Llanganates, el Ministerio del Ambiente realiz\u00f3, el s\u00e1bado 07 de febrero la caravana de llamas, actividad que cont\u00f3 con la participaci\u00f3n de los habitantes de las comunidades aleda\u00f1as, autoridades y funcionarios del MAE.<\/p>\n<p style=\"text-align: justify;\">El evento socio cultural y ambiental permiti\u00f3 vincular a la comunidad con las actividades cotidianas en el p\u00e1ramo. La caravana inici\u00f3 con el ingreso de las llamas y sus jinetes al Parque nacional Llanganates, quienes recorrieron la zona hasta el Complejo Lacustre de Anteojos acompa\u00f1ados de m\u00fasica t\u00edpica de los Andes. As\u00ed mismo, los competidores se prepararon para demostrar qui\u00e9n es el jinete m\u00e1s veloz y m\u00e1s diestro en las diferentes categor\u00edas de la competencia<\/p>\n<p style=\"text-align: justify;\">El programa termin\u00f3 con un agradecimiento espiritual donde los <em>taitas y mamas<\/em> rinden tributo y hacen ofrendas al p\u00e1ramo y el agua. El Parque Nacional Llanganates fue designado humedal n\u00famero 1780 por la convenci\u00f3n sobre humedales RAMSAR y es \u00fanico por sus riquezas h\u00eddricas reflejadas en sus numerosas lagunas, pantanos, bofedales y r\u00edos de agua fresca.<\/p>\n<p style=\"text-align: justify;\">El Ministerio del Ambiente conmemor\u00f3 el d\u00eda internacional de los Humedales con este tipo de eventos a nivel nacional, para motivar a la poblaci\u00f3n a la protecci\u00f3n de estos ecosistemas, que alojan importante vida silvestre; tanto de flora como de fauna, indispensables para el equilibrio natural. S\/J<\/p>\n","protected":false},"excerpt":{"rendered":"<p class=\"excerpt\">Con el fin de realzar la importancia a nivel local y de visibilizar la necesidad de conservar el Complejo de Humedal Llanganates, el Ministerio del Ambiente realiz\u00f3, el s\u00e1bado 07 de febrero la caravana de llamas, actividad que cont\u00f3 con la participaci\u00f3n de los habitantes de las comunidades aleda\u00f1as, autoridades y funcionarios del MAE. El evento socio cultural y ambiental&hellip; <a href=\"https:\/\/www.ambienteyenergia.gob.ec\/ambiente\/mae-realizo-una-caravana-de-llamas-en-el-parque-nacional-llanganates-por-el-dia-internacional-de-los-humedales\/\">Read more &rarr;<\/a><\/p>\n","protected":false},"author":13,"featured_media":24317,"comment_status":"open","ping_status":"open","sticky":false,"template":"","format":"standard","meta":{"footnotes":""},"categories":[16,4],"tags":[672,387],"class_list":["post-24315","post","type-post","status-publish","format-standard","has-post-thumbnail","hentry","category-comunicamos","category-noticias","tag-humedales","tag-mae-lorena-tapia","xfolkentry"],"_links":{"self":[{"href":"https:\/\/www.ambienteyenergia.gob.ec\/ambiente\/wp-json\/wp\/v2\/posts\/24315","targetHints":{"allow":["GET"]}}],"collection":[{"href":"https:\/\/www.ambienteyenergia.gob.ec\/ambiente\/wp-json\/wp\/v2\/posts"}],"about":[{"href":"https:\/\/www.ambienteyenergia.gob.ec\/ambiente\/wp-json\/wp\/v2\/types\/post"}],"author":[{"embeddable":true,"href":"https:\/\/www.ambienteyenergia.gob.ec\/ambiente\/wp-json\/wp\/v2\/users\/13"}],"replies":[{"embeddable":true,"href":"https:\/\/www.ambienteyenergia.gob.ec\/ambiente\/wp-json\/wp\/v2\/comments?post=24315"}],"version-history":[{"count":0,"href":"https:\/\/www.ambienteyenergia.gob.ec\/ambiente\/wp-json\/wp\/v2\/posts\/24315\/revisions"}],"wp:featuredmedia":[{"embeddable":true,"href":"https:\/\/www.ambienteyenergia.gob.ec\/ambiente\/wp-json\/wp\/v2\/media\/24317"}],"wp:attachment":[{"href":"https:\/\/www.ambienteyenergia.gob.ec\/ambiente\/wp-json\/wp\/v2\/media?parent=24315"}],"wp:term":[{"taxonomy":"category","embeddable":true,"href":"https:\/\/www.ambienteyenergia.gob.ec\/ambiente\/wp-json\/wp\/v2\/categories?post=24315"},{"taxonomy":"post_tag","embeddable":true,"href":"https:\/\/www.ambienteyenergia.gob.ec\/ambiente\/wp-json\/wp\/v2\/tags?post=24315"}],"curies":[{"name":"wp","href":"https:\/\/api.w.org\/{rel}","templated":true}]}}