{"id":24302,"date":"2015-02-10T10:23:48","date_gmt":"2015-02-10T15:23:48","guid":{"rendered":"http:\/\/www.ambiente.gob.ec\/?p=24302"},"modified":"2015-02-10T10:23:48","modified_gmt":"2015-02-10T15:23:48","slug":"mae-convoco-a-xii-reunion-ordinaria-de-la-mesa-de-trabajo-redd","status":"publish","type":"post","link":"https:\/\/www.ambienteyenergia.gob.ec\/ambiente\/mae-convoco-a-xii-reunion-ordinaria-de-la-mesa-de-trabajo-redd\/","title":{"rendered":"MAE convoc\u00f3 a XII Reuni\u00f3n Ordinaria de la Mesa de Trabajo REDD+"},"content":{"rendered":"<p style=\"text-align: justify;\">El Ministerio del Ambiente (MAE) a trav\u00e9s de la Subsecretar\u00eda de Cambio Clim\u00e1tico, y con el apoyo t\u00e9cnico del Programa Nacional Conjunto ONU-REDD,\u00a0convoc\u00f3 el jueves\u00a05 de febrero\u00a0de 2015 a la XII Reuni\u00f3n Ordinaria de la Mesa de Trabajo REDD+ (MdT) en Quito.<\/p>\n<p style=\"text-align: justify;\">Esta reuni\u00f3n tuvo como objetivos:\u00a0\u00a0informar sobre los resultados de la Conferencia de las Partes 20 (COP20) de la Convenci\u00f3n Marco de Naciones Unidas sobre Cambio Clim\u00e1tico, en relaci\u00f3n con\u00a0\u00a0REDD+; informar sobre la situaci\u00f3n con el Programa REDD Early Movers (REM); informar sobre el avance de la Evaluaci\u00f3n de Cierre del Programa Nacional Conjunto ONU-REDD; y finalmente compartir los principales hallazgos y recomendaciones preliminares sobre la evaluaci\u00f3n de la Mesa de Trabajo REDD+ hacia su funcionamiento en la fase de implementaci\u00f3n de REDD+, adem\u00e1s de temas varios.<\/p>\n<p style=\"text-align: justify;\">En la reuni\u00f3n participaron delegados\/as oficiales y alternos\/as de las organizaciones, instituciones o comunidades miembros de la MdT, las cuales han sido ratificadas por el Ministerio del Ambiente en calidad de Secretar\u00eda T\u00e9cnica.<\/p>\n<p style=\"text-align: justify;\">Para mayor informaci\u00f3n usted puede comunicarse con\u00a0Mar\u00eda del Carmen Garc\u00eda (<a href=\"mailto:mgarcia@ambiente.gob.ec\">maria.garcia@ambiente.gob.ec<\/a>) o Fernanda Proa\u00f1o (<a href=\"mailto:fproano@pnc-onureddecuador.org\">fproano@pnc-onureddecuador.org<\/a>).<\/p>\n<p>&nbsp;<\/p>\n","protected":false},"excerpt":{"rendered":"<p class=\"excerpt\">El Ministerio del Ambiente (MAE) a trav\u00e9s de la Subsecretar\u00eda de Cambio Clim\u00e1tico, y con el apoyo t\u00e9cnico del Programa Nacional Conjunto ONU-REDD,\u00a0convoc\u00f3 el jueves\u00a05 de febrero\u00a0de 2015 a la XII Reuni\u00f3n Ordinaria de la Mesa de Trabajo REDD+ (MdT) en Quito. Esta reuni\u00f3n tuvo como objetivos:\u00a0\u00a0informar sobre los resultados de la Conferencia de las Partes 20 (COP20) de la&hellip; <a href=\"https:\/\/www.ambienteyenergia.gob.ec\/ambiente\/mae-convoco-a-xii-reunion-ordinaria-de-la-mesa-de-trabajo-redd\/\">Read more &rarr;<\/a><\/p>\n","protected":false},"author":13,"featured_media":24303,"comment_status":"open","ping_status":"open","sticky":false,"template":"","format":"standard","meta":{"footnotes":""},"categories":[16,4],"tags":[133,387],"class_list":["post-24302","post","type-post","status-publish","format-standard","has-post-thumbnail","hentry","category-comunicamos","category-noticias","tag-cambio-climatico","tag-mae-lorena-tapia","xfolkentry"],"_links":{"self":[{"href":"https:\/\/www.ambienteyenergia.gob.ec\/ambiente\/wp-json\/wp\/v2\/posts\/24302","targetHints":{"allow":["GET"]}}],"collection":[{"href":"https:\/\/www.ambienteyenergia.gob.ec\/ambiente\/wp-json\/wp\/v2\/posts"}],"about":[{"href":"https:\/\/www.ambienteyenergia.gob.ec\/ambiente\/wp-json\/wp\/v2\/types\/post"}],"author":[{"embeddable":true,"href":"https:\/\/www.ambienteyenergia.gob.ec\/ambiente\/wp-json\/wp\/v2\/users\/13"}],"replies":[{"embeddable":true,"href":"https:\/\/www.ambienteyenergia.gob.ec\/ambiente\/wp-json\/wp\/v2\/comments?post=24302"}],"version-history":[{"count":0,"href":"https:\/\/www.ambienteyenergia.gob.ec\/ambiente\/wp-json\/wp\/v2\/posts\/24302\/revisions"}],"wp:featuredmedia":[{"embeddable":true,"href":"https:\/\/www.ambienteyenergia.gob.ec\/ambiente\/wp-json\/wp\/v2\/media\/24303"}],"wp:attachment":[{"href":"https:\/\/www.ambienteyenergia.gob.ec\/ambiente\/wp-json\/wp\/v2\/media?parent=24302"}],"wp:term":[{"taxonomy":"category","embeddable":true,"href":"https:\/\/www.ambienteyenergia.gob.ec\/ambiente\/wp-json\/wp\/v2\/categories?post=24302"},{"taxonomy":"post_tag","embeddable":true,"href":"https:\/\/www.ambienteyenergia.gob.ec\/ambiente\/wp-json\/wp\/v2\/tags?post=24302"}],"curies":[{"name":"wp","href":"https:\/\/api.w.org\/{rel}","templated":true}]}}