{"id":24297,"date":"2015-02-09T16:49:17","date_gmt":"2015-02-09T21:49:17","guid":{"rendered":"http:\/\/www.ambiente.gob.ec\/?p=24297"},"modified":"2015-02-10T09:28:48","modified_gmt":"2015-02-10T14:28:48","slug":"mae-brindo-charla-sobre-el-dia-mundial-de-los-humedales-a-unidades-educativas-en-santo-domingo-de-los-tsachilas","status":"publish","type":"post","link":"https:\/\/www.ambienteyenergia.gob.ec\/ambiente\/mae-brindo-charla-sobre-el-dia-mundial-de-los-humedales-a-unidades-educativas-en-santo-domingo-de-los-tsachilas\/","title":{"rendered":"MAE brind\u00f3 charla sobre el D\u00eda Mundial de los Humedales a Unidades Educativas en Santo Domingo de los Ts\u00e1chilas"},"content":{"rendered":"<p style=\"text-align: justify;\">En conmemoraci\u00f3n de la firma del convenio sobre los Humedales en Ramsar-Ir\u00e1n; el d\u00eda 2 de Febrero est\u00e1 declarado como el \u201cD\u00eda Mundial de los Humedales\u201d. El Ministerio del Ambiente del Ecuador (MAE) celebra cada a\u00f1o esta fecha, con el objetivo de sensibilizar a la poblaci\u00f3n a la conservaci\u00f3n y el uso adecuado de estos espacios de biodiversidad.<\/p>\n<p style=\"text-align: justify;\">Por lo que, el pasado 6 de febrero, la Direcci\u00f3n Provincial del Ambiente Santo Domingo de los Ts\u00e1chilas, a trav\u00e9s de la Unidad de Patrimonio Natural, brind\u00f3 una charla sobre el D\u00eda Mundial de los Humedales a 90 estudiantes de bachillerato de las Unidades Educativas Valle Hermoso y Crist\u00f3bal Col\u00f3n, quienes recibieron informaci\u00f3n acerca de la importancia de los humedales y el compromiso que debe tener la ciudadan\u00eda para su conservaci\u00f3n y el uso racional de los mismos.<\/p>\n<p style=\"text-align: justify;\">Los humedales son superficies cubiertas de agua, de r\u00e9gimen natural o artificial, permanentes o temporales, estancadas o corrientes, dulces, salobres o saladas, cuya profundidad, en marea baja, no exceda de seis metros. Actualmente, el Ecuador, cuenta con 18 sitios reconocidos como Humedales Ramsar o de importancia internacional con una superficie total de 286.651 hect\u00e1reas que deben ser protegidas y conservadas con responsabilidad.<\/p>\n<p style=\"text-align: justify;\">Esta Cartera de Estado, est\u00e1 comprometida a concienciar a la ciudadan\u00eda para proteger estos espacios y aportar al desarrollo de un Ecuador m\u00e1s Verde. S\/J<\/p>\n","protected":false},"excerpt":{"rendered":"<p class=\"excerpt\">En conmemoraci\u00f3n de la firma del convenio sobre los Humedales en Ramsar-Ir\u00e1n; el d\u00eda 2 de Febrero est\u00e1 declarado como el \u201cD\u00eda Mundial de los Humedales\u201d. El Ministerio del Ambiente del Ecuador (MAE) celebra cada a\u00f1o esta fecha, con el objetivo de sensibilizar a la poblaci\u00f3n a la conservaci\u00f3n y el uso adecuado de estos espacios de biodiversidad. Por lo&hellip; <a href=\"https:\/\/www.ambienteyenergia.gob.ec\/ambiente\/mae-brindo-charla-sobre-el-dia-mundial-de-los-humedales-a-unidades-educativas-en-santo-domingo-de-los-tsachilas\/\">Read more &rarr;<\/a><\/p>\n","protected":false},"author":13,"featured_media":24298,"comment_status":"open","ping_status":"open","sticky":false,"template":"","format":"standard","meta":{"footnotes":""},"categories":[16,4],"tags":[672,387],"class_list":["post-24297","post","type-post","status-publish","format-standard","has-post-thumbnail","hentry","category-comunicamos","category-noticias","tag-humedales","tag-mae-lorena-tapia","xfolkentry"],"_links":{"self":[{"href":"https:\/\/www.ambienteyenergia.gob.ec\/ambiente\/wp-json\/wp\/v2\/posts\/24297","targetHints":{"allow":["GET"]}}],"collection":[{"href":"https:\/\/www.ambienteyenergia.gob.ec\/ambiente\/wp-json\/wp\/v2\/posts"}],"about":[{"href":"https:\/\/www.ambienteyenergia.gob.ec\/ambiente\/wp-json\/wp\/v2\/types\/post"}],"author":[{"embeddable":true,"href":"https:\/\/www.ambienteyenergia.gob.ec\/ambiente\/wp-json\/wp\/v2\/users\/13"}],"replies":[{"embeddable":true,"href":"https:\/\/www.ambienteyenergia.gob.ec\/ambiente\/wp-json\/wp\/v2\/comments?post=24297"}],"version-history":[{"count":0,"href":"https:\/\/www.ambienteyenergia.gob.ec\/ambiente\/wp-json\/wp\/v2\/posts\/24297\/revisions"}],"wp:featuredmedia":[{"embeddable":true,"href":"https:\/\/www.ambienteyenergia.gob.ec\/ambiente\/wp-json\/wp\/v2\/media\/24298"}],"wp:attachment":[{"href":"https:\/\/www.ambienteyenergia.gob.ec\/ambiente\/wp-json\/wp\/v2\/media?parent=24297"}],"wp:term":[{"taxonomy":"category","embeddable":true,"href":"https:\/\/www.ambienteyenergia.gob.ec\/ambiente\/wp-json\/wp\/v2\/categories?post=24297"},{"taxonomy":"post_tag","embeddable":true,"href":"https:\/\/www.ambienteyenergia.gob.ec\/ambiente\/wp-json\/wp\/v2\/tags?post=24297"}],"curies":[{"name":"wp","href":"https:\/\/api.w.org\/{rel}","templated":true}]}}