{"id":24288,"date":"2015-02-08T10:59:15","date_gmt":"2015-02-08T15:59:15","guid":{"rendered":"http:\/\/www.ambiente.gob.ec\/?p=24288"},"modified":"2015-02-09T11:59:44","modified_gmt":"2015-02-09T16:59:44","slug":"moradores-de-pomasqui-participaron-en-actividades-de-educacion-ambiental-en-el-enlace-ciudadano-no-410","status":"publish","type":"post","link":"https:\/\/www.ambienteyenergia.gob.ec\/ambiente\/moradores-de-pomasqui-participaron-en-actividades-de-educacion-ambiental-en-el-enlace-ciudadano-no-410\/","title":{"rendered":"Moradores de Pomasqui participaron en actividades de Educaci\u00f3n Ambiental en el Enlace Ciudadano No. 410"},"content":{"rendered":"<p style=\"text-align: justify;\">Puntualmente inici\u00f3 este s\u00e1bado 7 de febrero el Enlance Ciudadano No. 410. El Barrio las Lomas de la parroquia de Pomasqu\u00ed recibi\u00f3 al Presediente de la Rep\u00fablica Rafael Correa Delgado, ministras, ministros y representantes del gabinete. Los asistentes al enlace puedieron participar en la feria ciudadana. La propuesta del Ministerio del Ambiente para recibir a los participantes apunt\u00f3 a desarrollar actividades que promuevan las buenas pr\u00e1cticas ambientales.<\/p>\n<p style=\"text-align: justify;\">Los m\u00e1s peque\u00f1os se acercaron realizaron trabajos de manualidad. Con botellas de pl\u00e1stico vac\u00edas y fomix, ni\u00f1os y ni\u00f1as creaban animales , naves espaciales e instrumentos musicales que hablaban po si mismas de la importancia del reciclaje. Dignidad T\u00f3bar se detuvo en las actividades interactivas sobre la clasificaci\u00f3n de desechos s\u00f3lidos, \u201ces muy bueno porque es algo que entusiasma mucho, veo muchas personas que se acercan a aprender sobre soluciones ambientales para no contaminar\u201d expres\u00f3.<\/p>\n<p style=\"text-align: justify;\">Orqu\u00eddeas de la Reserva del Pululahua tambi\u00e9n atrajeron la atenci\u00f3n de muchos visitantes. Mercedes Obando, vecina del sector , puntualiz\u00f3 que \u201cnos hace falta ser muy responsables para mantener el equilibrio que el ambiente necesita\u201d. Ella est\u00e1 familiarizada con el bosque de orqu\u00eddeas en la Reserva y felicit\u00f3 la iniciativa que toma el Ministerio del Ambiente para mantener y conocer el patrimonio natural que tenemos.<\/p>\n<p style=\"text-align: justify;\">No faltaron los Guardianes del Planeta que custodiaban el encuentro y congregaban cada m\u00e1s voluntarios que se compromet\u00edan a proteger y preservar al ambiente a trav\u00e9s de buenas pr\u00e1cticas ambientales. El p\u00fablico no dej\u00f3 de ingresar a la carpa hasta llegado el final del Enlace.<\/p>\n","protected":false},"excerpt":{"rendered":"<p class=\"excerpt\">Puntualmente inici\u00f3 este s\u00e1bado 7 de febrero el Enlance Ciudadano No. 410. El Barrio las Lomas de la parroquia de Pomasqu\u00ed recibi\u00f3 al Presediente de la Rep\u00fablica Rafael Correa Delgado, ministras, ministros y representantes del gabinete. Los asistentes al enlace puedieron participar en la feria ciudadana. La propuesta del Ministerio del Ambiente para recibir a los participantes apunt\u00f3 a desarrollar&hellip; <a href=\"https:\/\/www.ambienteyenergia.gob.ec\/ambiente\/moradores-de-pomasqui-participaron-en-actividades-de-educacion-ambiental-en-el-enlace-ciudadano-no-410\/\">Read more &rarr;<\/a><\/p>\n","protected":false},"author":13,"featured_media":24289,"comment_status":"open","ping_status":"open","sticky":false,"template":"","format":"standard","meta":{"footnotes":""},"categories":[16,4],"tags":[673,387],"class_list":["post-24288","post","type-post","status-publish","format-standard","has-post-thumbnail","hentry","category-comunicamos","category-noticias","tag-enlace","tag-mae-lorena-tapia","xfolkentry"],"_links":{"self":[{"href":"https:\/\/www.ambienteyenergia.gob.ec\/ambiente\/wp-json\/wp\/v2\/posts\/24288","targetHints":{"allow":["GET"]}}],"collection":[{"href":"https:\/\/www.ambienteyenergia.gob.ec\/ambiente\/wp-json\/wp\/v2\/posts"}],"about":[{"href":"https:\/\/www.ambienteyenergia.gob.ec\/ambiente\/wp-json\/wp\/v2\/types\/post"}],"author":[{"embeddable":true,"href":"https:\/\/www.ambienteyenergia.gob.ec\/ambiente\/wp-json\/wp\/v2\/users\/13"}],"replies":[{"embeddable":true,"href":"https:\/\/www.ambienteyenergia.gob.ec\/ambiente\/wp-json\/wp\/v2\/comments?post=24288"}],"version-history":[{"count":0,"href":"https:\/\/www.ambienteyenergia.gob.ec\/ambiente\/wp-json\/wp\/v2\/posts\/24288\/revisions"}],"wp:featuredmedia":[{"embeddable":true,"href":"https:\/\/www.ambienteyenergia.gob.ec\/ambiente\/wp-json\/wp\/v2\/media\/24289"}],"wp:attachment":[{"href":"https:\/\/www.ambienteyenergia.gob.ec\/ambiente\/wp-json\/wp\/v2\/media?parent=24288"}],"wp:term":[{"taxonomy":"category","embeddable":true,"href":"https:\/\/www.ambienteyenergia.gob.ec\/ambiente\/wp-json\/wp\/v2\/categories?post=24288"},{"taxonomy":"post_tag","embeddable":true,"href":"https:\/\/www.ambienteyenergia.gob.ec\/ambiente\/wp-json\/wp\/v2\/tags?post=24288"}],"curies":[{"name":"wp","href":"https:\/\/api.w.org\/{rel}","templated":true}]}}