{"id":24283,"date":"2015-02-05T12:06:16","date_gmt":"2015-02-05T17:06:16","guid":{"rendered":"http:\/\/www.ambiente.gob.ec\/?p=24283"},"modified":"2015-02-09T09:06:30","modified_gmt":"2015-02-09T14:06:30","slug":"ministerio-del-ambiente-senagua-y-gad-del-canton-pedro-moncayo-trabajan-en-la-conservacion-de-las-lagunas-de-mojanda","status":"publish","type":"post","link":"https:\/\/www.ambienteyenergia.gob.ec\/ambiente\/ministerio-del-ambiente-senagua-y-gad-del-canton-pedro-moncayo-trabajan-en-la-conservacion-de-las-lagunas-de-mojanda\/","title":{"rendered":"Ministerio del Ambiente, SENAGUA Y GAD del Cant\u00f3n Pedro Moncayo trabajan en la conservaci\u00f3n de las Lagunas de Mojanda"},"content":{"rendered":"<p style=\"text-align: justify;\">Con el fin de proteger las fuentes de agua, el Ministerio del Ambiente del Ecuador (MAE), la Secretaria Nacional del Agua (SENAGUA) y autoridades del cant\u00f3n Pedro Moncayo, mantuvieron una reuni\u00f3n el pasado viernes 30 de enero en la ciudad de Tabacundo, para establecer acuerdos que permitan la creaci\u00f3n del \u00c1rea de Conservaci\u00f3n Municipal, alrededor de las Lagunas de Mojanda.<\/p>\n<p style=\"text-align: justify;\">Las Lagunas de Mojanda, son una importante fuente de agua de consumo humano para Pedro Moncayo, Otavalo y 5 parroquias m\u00e1s de la ciudad de Quito; por ello la importancia de trabajar en su conservaci\u00f3n.<\/p>\n<p style=\"text-align: justify;\">Es as\u00ed, que el Ministerio del Ambiente a trav\u00e9s de la Subsecretar\u00eda de Patrimonio Natural (SPN) plante\u00f3 opciones y alternativas de acceso a los programas de incentivos para la conservaci\u00f3n tanto de Socio Bosque, Socio Paramo y el Programa de Restauraci\u00f3n.<\/p>\n<p style=\"text-align: justify;\">Entre las principales propuestas y acciones se plantearon:<\/p>\n<ul style=\"text-align: justify;\">\n<li>De parte del GAD Pedro Moncayo realizar las gestiones para la declaratoria del \u00e1rea de conservaci\u00f3n.<\/li>\n<li>De parte del MAE, brindar el apoyo t\u00e9cnico para la construcci\u00f3n de los instrumentos para la creaci\u00f3n del \u00c1rea de Conservaci\u00f3n Municipal; as\u00ed como brindar acompa\u00f1amiento y seguimiento de las flor\u00edcolas respecto a la acreditaci\u00f3n.<\/li>\n<li>De parte de SENAGUA se ha dispuesto apoyar en la Declaratoria de \u00c1rea de Protecci\u00f3n H\u00eddrica a partir de los 3600 m.s.n.m y que ser\u00eda el \u00e1rea de conservaci\u00f3n n\u00facleo.<\/li>\n<li>De parte de Socio Bosque, se plantea la firma de un convenio para la implementaci\u00f3n del Programa Restauraci\u00f3n Forestal y la socializaci\u00f3n del programa de incentivos.<\/li>\n<\/ul>\n<p style=\"text-align: justify;\">Este viernes 6 de febrero, t\u00e9cnicos delegados de las instituciones en menci\u00f3n, se reunir\u00e1n nuevamente para intercambiar la informaci\u00f3n y construir una hoja de ruta, con el fin de agilitar este proyecto de conservaci\u00f3n de las Lagunas de Mojanda.<\/p>\n<p style=\"text-align: justify;\">De esta forma, el Ministerio del Ambiente busca fortalecer las iniciativas de conservaci\u00f3n de los recursos h\u00eddricos del pa\u00eds, bajo el concepto del Buen Vivir.\/\/MH<\/p>\n","protected":false},"excerpt":{"rendered":"<p class=\"excerpt\">Con el fin de proteger las fuentes de agua, el Ministerio del Ambiente del Ecuador (MAE), la Secretaria Nacional del Agua (SENAGUA) y autoridades del cant\u00f3n Pedro Moncayo, mantuvieron una reuni\u00f3n el pasado viernes 30 de enero en la ciudad de Tabacundo, para establecer acuerdos que permitan la creaci\u00f3n del \u00c1rea de Conservaci\u00f3n Municipal, alrededor de las Lagunas de Mojanda.&hellip; <a href=\"https:\/\/www.ambienteyenergia.gob.ec\/ambiente\/ministerio-del-ambiente-senagua-y-gad-del-canton-pedro-moncayo-trabajan-en-la-conservacion-de-las-lagunas-de-mojanda\/\">Read more &rarr;<\/a><\/p>\n","protected":false},"author":13,"featured_media":24284,"comment_status":"open","ping_status":"open","sticky":false,"template":"","format":"standard","meta":{"footnotes":""},"categories":[16,4],"tags":[],"class_list":["post-24283","post","type-post","status-publish","format-standard","has-post-thumbnail","hentry","category-comunicamos","category-noticias","xfolkentry"],"_links":{"self":[{"href":"https:\/\/www.ambienteyenergia.gob.ec\/ambiente\/wp-json\/wp\/v2\/posts\/24283","targetHints":{"allow":["GET"]}}],"collection":[{"href":"https:\/\/www.ambienteyenergia.gob.ec\/ambiente\/wp-json\/wp\/v2\/posts"}],"about":[{"href":"https:\/\/www.ambienteyenergia.gob.ec\/ambiente\/wp-json\/wp\/v2\/types\/post"}],"author":[{"embeddable":true,"href":"https:\/\/www.ambienteyenergia.gob.ec\/ambiente\/wp-json\/wp\/v2\/users\/13"}],"replies":[{"embeddable":true,"href":"https:\/\/www.ambienteyenergia.gob.ec\/ambiente\/wp-json\/wp\/v2\/comments?post=24283"}],"version-history":[{"count":0,"href":"https:\/\/www.ambienteyenergia.gob.ec\/ambiente\/wp-json\/wp\/v2\/posts\/24283\/revisions"}],"wp:featuredmedia":[{"embeddable":true,"href":"https:\/\/www.ambienteyenergia.gob.ec\/ambiente\/wp-json\/wp\/v2\/media\/24284"}],"wp:attachment":[{"href":"https:\/\/www.ambienteyenergia.gob.ec\/ambiente\/wp-json\/wp\/v2\/media?parent=24283"}],"wp:term":[{"taxonomy":"category","embeddable":true,"href":"https:\/\/www.ambienteyenergia.gob.ec\/ambiente\/wp-json\/wp\/v2\/categories?post=24283"},{"taxonomy":"post_tag","embeddable":true,"href":"https:\/\/www.ambienteyenergia.gob.ec\/ambiente\/wp-json\/wp\/v2\/tags?post=24283"}],"curies":[{"name":"wp","href":"https:\/\/api.w.org\/{rel}","templated":true}]}}