{"id":24272,"date":"2015-02-06T12:56:46","date_gmt":"2015-02-06T17:56:46","guid":{"rendered":"http:\/\/www.ambiente.gob.ec\/?p=24272"},"modified":"2015-02-06T12:56:46","modified_gmt":"2015-02-06T17:56:46","slug":"el-pacc-inicia-la-elaboracion-de-planes-de-cambio-climatico-en-las-provincias-de-azuay-loja-y-los-rios","status":"publish","type":"post","link":"https:\/\/www.ambienteyenergia.gob.ec\/ambiente\/el-pacc-inicia-la-elaboracion-de-planes-de-cambio-climatico-en-las-provincias-de-azuay-loja-y-los-rios\/","title":{"rendered":"El PACC inicia la elaboraci\u00f3n de Planes de Cambio Clim\u00e1tico en las provincias de Azuay, Loja y  Los R\u00edos"},"content":{"rendered":"<p style=\"text-align: justify;\">El Proyecto de Adaptaci\u00f3n al Cambio Clim\u00e1tico PACC \u2013 ECUADOR en conjunto con el Centro Internacional para la Investigaci\u00f3n del Fen\u00f3meno del Ni\u00f1o (CIIFEN) inici\u00f3 la elaboraci\u00f3n de los planes de cambio clim\u00e1tico en las provincias de Azuay, Loja y\u00a0\u00a0Los R\u00edos.<\/p>\n<p style=\"text-align: justify;\">Estos planes tienen como objetivo complementar las acciones programadas por los GAD en su planificaci\u00f3n territorial considerando variables clim\u00e1ticas y su relaci\u00f3n con la realidad local.<\/p>\n<p style=\"text-align: justify;\">El trabajo es multidisciplinario y participativo, por lo que se convoc\u00f3 a\u00a0\u00a0instituciones como:\u00a0\u00a0Secretar\u00eda Nacional de Gesti\u00f3n de Riesgos (SNGR), Instituto Nacional de Investigaciones Agropecuarias (INIAP), Ministerio de Salud P\u00fablica (MSP), Universidad T\u00e9cnica de Quevedo (UTEQ) y Ministerio de Agricultura, Ganader\u00eda, Acuacultura y Pesca (MAGAP).<\/p>\n<p style=\"text-align: justify;\">Este esfuerzo es posible gracias a los aportes del PNUD-GEF y a la colaboraci\u00f3n de los GAD y Direcciones Provinciales de Ambiente del MAE.<\/p>\n","protected":false},"excerpt":{"rendered":"<p class=\"excerpt\">El Proyecto de Adaptaci\u00f3n al Cambio Clim\u00e1tico PACC \u2013 ECUADOR en conjunto con el Centro Internacional para la Investigaci\u00f3n del Fen\u00f3meno del Ni\u00f1o (CIIFEN) inici\u00f3 la elaboraci\u00f3n de los planes de cambio clim\u00e1tico en las provincias de Azuay, Loja y\u00a0\u00a0Los R\u00edos. Estos planes tienen como objetivo complementar las acciones programadas por los GAD en su planificaci\u00f3n territorial considerando variables clim\u00e1ticas&hellip; <a href=\"https:\/\/www.ambienteyenergia.gob.ec\/ambiente\/el-pacc-inicia-la-elaboracion-de-planes-de-cambio-climatico-en-las-provincias-de-azuay-loja-y-los-rios\/\">Read more &rarr;<\/a><\/p>\n","protected":false},"author":13,"featured_media":24273,"comment_status":"open","ping_status":"open","sticky":false,"template":"","format":"standard","meta":{"footnotes":""},"categories":[16,4],"tags":[133,387],"class_list":["post-24272","post","type-post","status-publish","format-standard","has-post-thumbnail","hentry","category-comunicamos","category-noticias","tag-cambio-climatico","tag-mae-lorena-tapia","xfolkentry"],"_links":{"self":[{"href":"https:\/\/www.ambienteyenergia.gob.ec\/ambiente\/wp-json\/wp\/v2\/posts\/24272","targetHints":{"allow":["GET"]}}],"collection":[{"href":"https:\/\/www.ambienteyenergia.gob.ec\/ambiente\/wp-json\/wp\/v2\/posts"}],"about":[{"href":"https:\/\/www.ambienteyenergia.gob.ec\/ambiente\/wp-json\/wp\/v2\/types\/post"}],"author":[{"embeddable":true,"href":"https:\/\/www.ambienteyenergia.gob.ec\/ambiente\/wp-json\/wp\/v2\/users\/13"}],"replies":[{"embeddable":true,"href":"https:\/\/www.ambienteyenergia.gob.ec\/ambiente\/wp-json\/wp\/v2\/comments?post=24272"}],"version-history":[{"count":0,"href":"https:\/\/www.ambienteyenergia.gob.ec\/ambiente\/wp-json\/wp\/v2\/posts\/24272\/revisions"}],"wp:featuredmedia":[{"embeddable":true,"href":"https:\/\/www.ambienteyenergia.gob.ec\/ambiente\/wp-json\/wp\/v2\/media\/24273"}],"wp:attachment":[{"href":"https:\/\/www.ambienteyenergia.gob.ec\/ambiente\/wp-json\/wp\/v2\/media?parent=24272"}],"wp:term":[{"taxonomy":"category","embeddable":true,"href":"https:\/\/www.ambienteyenergia.gob.ec\/ambiente\/wp-json\/wp\/v2\/categories?post=24272"},{"taxonomy":"post_tag","embeddable":true,"href":"https:\/\/www.ambienteyenergia.gob.ec\/ambiente\/wp-json\/wp\/v2\/tags?post=24272"}],"curies":[{"name":"wp","href":"https:\/\/api.w.org\/{rel}","templated":true}]}}