{"id":24266,"date":"2015-02-05T15:04:58","date_gmt":"2015-02-05T20:04:58","guid":{"rendered":"http:\/\/www.ambiente.gob.ec\/?p=24266"},"modified":"2015-02-05T18:20:45","modified_gmt":"2015-02-05T23:20:45","slug":"caf-y-ministerio-del-ambiente-con-recursos-de-la-union-europea-implementaran-un-mecanismo-sectorial-de-mitigacion-en-el-sector-de-residuos-solidos-de-ecuador","status":"publish","type":"post","link":"https:\/\/www.ambienteyenergia.gob.ec\/ambiente\/caf-y-ministerio-del-ambiente-con-recursos-de-la-union-europea-implementaran-un-mecanismo-sectorial-de-mitigacion-en-el-sector-de-residuos-solidos-de-ecuador\/","title":{"rendered":"CAF y MAE, con recursos de la Uni\u00f3n Europea, implementar\u00e1n un Mecanismo Sectorial de Mitigaci\u00f3n en el sector de residuos s\u00f3lidos de Ecuador"},"content":{"rendered":"<p style=\"text-align: justify;\">CAF,\u00a0 Banco de Desarrollo de Am\u00e9rica Latina, en conjunto con el Ministerio del Ambiente (MAE), realiz\u00f3 un taller dirigido a autoridades y t\u00e9cnicos de 10 Gobiernos Aut\u00f3nomos Descentralizados Municipales (GADM) y la Mancomunidad Mundo Verde (que integra a 20 GADM de Guayas, Los R\u00edos y Bol\u00edvar), en el que se analiz\u00f3 la implementaci\u00f3n de un Mecanismo Sectorial de Mitigaci\u00f3n en el sector de los residuos s\u00f3lidos en Ecuador<\/p>\n<p style=\"text-align: justify;\">Bernardo Requena, director representante de CAF, resalt\u00f3 que sacar adelante esta iniciativa \u00a0requiere \u201cla voluntad\u201d de las partes involucradas.\u00a0 Explic\u00f3 adem\u00e1s que para la implementaci\u00f3n del Mecanismo se cuenta con cinco millones de euros, que provienen de la Uni\u00f3n Europea.\u00a0 \u201cUn mill\u00f3n servir\u00e1 para los estudios y las evaluaciones y los otros cuatro servir\u00e1n como incentivo econ\u00f3mico para los GADM para llevar adelante el programa\u201d con la finalidad de implementar un sistema de tratamiento de los residuos s\u00f3lidos eficiente y ambientalmente sostenible y aprovechamiento de metano \u00a0y de esta manera \u201cdisminuir la emisi\u00f3n de 500 000 toneladas de di\u00f3xido de carbono equivalentes (CO<sub>2<\/sub>e) \u00a0hasta el 31 de diciembre de 2021\u201d, asegur\u00f3.<\/p>\n<p style=\"text-align: justify;\">Por su parte, Andr\u00e9s Hubenthal, subsecretario de Cambio Clim\u00e1tico del MAE, destac\u00f3 que los beneficios de la gesti\u00f3n de los desechos s\u00f3lidos son importantes en t\u00e9rminos de salubridad y reducci\u00f3n de la contaminaci\u00f3n, y ese es el principal motivo para que esta iniciativa convoque a los GADM a ser pioneros y tomar el liderazgo para establecer sistemas de gesti\u00f3n de residuos s\u00f3lidos que atiendan la problem\u00e1tica de cambio clim\u00e1tico. En este sentido, es de inter\u00e9s \u201ctener un programa que genere incentivos para apoyar la reducci\u00f3n de las emisiones\u201d para lo cual se necesita un trabajo coordinado entre todos los actores.<\/p>\n<p style=\"text-align: justify;\">Para finalizar, Paulina Baca, gerente subrogante del Programa Nacional para la Gesti\u00f3n Integral de\u00a0 Desechos S\u00f3lidos (MAE- PNGIDS), expuso de manera general el trabajo que realiza el MAE con los 221 GADM del pa\u00eds en t\u00e9rminos de asistencia t\u00e9cnica, entrega estudios para cierre t\u00e9cnico de botaderos y para gesti\u00f3n integral de residuos s\u00f3lidos, entre otros. Mencion\u00f3 adem\u00e1s, el inter\u00e9s de impulsar el convenio que existe entre MAE y CAF para la implementaci\u00f3n de la iniciativa; misma que implica para los GADM el aprovechamiento del gas metano en los sitios de disposici\u00f3n final, como un complemento al manejo adecuado de residuos por parte de los GADM y la posibilidad de recibir un incentivo por estas actividades.<\/p>\n<p style=\"text-align: justify;\">\u00a0<strong>\u00bfQu\u00e9 es el Mecanismo Sectorial de Mitigaci\u00f3n?<\/strong><\/p>\n<p style=\"text-align: justify;\">Es una iniciativa que se implementa con fondos de la Facilidad de Inversiones en Am\u00e9rica Latina de la Uni\u00f3n Europea y que tiene como objetivo fomentar el desarrollo sostenible y bajo en carbono de la regi\u00f3n. El Mecanismo Sectorial de Mitigaci\u00f3n en el sector de residuos s\u00f3lidos est\u00e1 orientado a la reducci\u00f3n de las emisiones de gases de efecto invernadero (GEI) provenientes de la gesti\u00f3n de los residuos s\u00f3lidos que se generan en durante el tratamiento y disposici\u00f3n final de los Gobiernos Aut\u00f3nomos Descentralizados Municipales (GADM).<\/p>\n<p style=\"text-align: justify;\">Este mecanismo contempla actividades piloto con incentivos econ\u00f3micos basados en el desempe\u00f1o, con un marco de medici\u00f3n, reporte y verificaci\u00f3n de las reducciones de emisiones logradas por las medidas de mitigaci\u00f3n.<\/p>\n<p style=\"text-align: justify;\">Los expertos que desarrollan la conceptualizaci\u00f3n del mecanismo visitaron de forma preliminar en Ecuador y algunos GADM en los meses de octubre y noviembre de 2014 y adicionalmente visitar\u00e1n durante este mes 4 GADM.<\/p>\n<p style=\"text-align: justify;\">\u00a0<strong>Datos<\/strong><\/p>\n<ul>\n<li style=\"text-align: justify;\">El Mecanismo prev\u00e9 otorgar incentivos econ\u00f3micos (subsidios) para la implementaci\u00f3n de proyectos piloto que sirvan como ejemplo al resto del sector de residuos s\u00f3lidos.<\/li>\n<li style=\"text-align: justify;\">El incentivo se entregar\u00e1 luego que se implementen los proyectos y con base en la cantidad de di\u00f3xido de carbono que evite el proyecto.<\/li>\n<li style=\"text-align: justify;\">El monto del incentivo para cada GADM depender\u00e1 del tipo de\u00a0 tecnolog\u00eda que se implemente.<\/li>\n<li style=\"text-align: justify;\">Se tiene como objetivo evitar la emisi\u00f3n de 500 000 toneladas de di\u00f3xido de carbono en Ecuador hasta el 31 de diciembre de 2021.<\/li>\n<li style=\"text-align: justify;\">El n\u00famero de GADM beneficiados que recibir\u00e1n el incentivo depende del potencial de mitigaci\u00f3n y de aspectos t\u00e9cnicos y estrat\u00e9gicos que se encuentran en evaluaci\u00f3n.<\/li>\n<\/ul>\n<p>B.A<\/p>\n","protected":false},"excerpt":{"rendered":"<p class=\"excerpt\">CAF,\u00a0 Banco de Desarrollo de Am\u00e9rica Latina, en conjunto con el Ministerio del Ambiente (MAE), realiz\u00f3 un taller dirigido a autoridades y t\u00e9cnicos de 10 Gobiernos Aut\u00f3nomos Descentralizados Municipales (GADM) y la Mancomunidad Mundo Verde (que integra a 20 GADM de Guayas, Los R\u00edos y Bol\u00edvar), en el que se analiz\u00f3 la implementaci\u00f3n de un Mecanismo Sectorial de Mitigaci\u00f3n en&hellip; <a href=\"https:\/\/www.ambienteyenergia.gob.ec\/ambiente\/caf-y-ministerio-del-ambiente-con-recursos-de-la-union-europea-implementaran-un-mecanismo-sectorial-de-mitigacion-en-el-sector-de-residuos-solidos-de-ecuador\/\">Read more &rarr;<\/a><\/p>\n","protected":false},"author":13,"featured_media":22752,"comment_status":"open","ping_status":"open","sticky":false,"template":"","format":"standard","meta":{"footnotes":""},"categories":[16,4],"tags":[],"class_list":["post-24266","post","type-post","status-publish","format-standard","has-post-thumbnail","hentry","category-comunicamos","category-noticias","xfolkentry"],"_links":{"self":[{"href":"https:\/\/www.ambienteyenergia.gob.ec\/ambiente\/wp-json\/wp\/v2\/posts\/24266","targetHints":{"allow":["GET"]}}],"collection":[{"href":"https:\/\/www.ambienteyenergia.gob.ec\/ambiente\/wp-json\/wp\/v2\/posts"}],"about":[{"href":"https:\/\/www.ambienteyenergia.gob.ec\/ambiente\/wp-json\/wp\/v2\/types\/post"}],"author":[{"embeddable":true,"href":"https:\/\/www.ambienteyenergia.gob.ec\/ambiente\/wp-json\/wp\/v2\/users\/13"}],"replies":[{"embeddable":true,"href":"https:\/\/www.ambienteyenergia.gob.ec\/ambiente\/wp-json\/wp\/v2\/comments?post=24266"}],"version-history":[{"count":0,"href":"https:\/\/www.ambienteyenergia.gob.ec\/ambiente\/wp-json\/wp\/v2\/posts\/24266\/revisions"}],"wp:featuredmedia":[{"embeddable":true,"href":"https:\/\/www.ambienteyenergia.gob.ec\/ambiente\/wp-json\/wp\/v2\/media\/22752"}],"wp:attachment":[{"href":"https:\/\/www.ambienteyenergia.gob.ec\/ambiente\/wp-json\/wp\/v2\/media?parent=24266"}],"wp:term":[{"taxonomy":"category","embeddable":true,"href":"https:\/\/www.ambienteyenergia.gob.ec\/ambiente\/wp-json\/wp\/v2\/categories?post=24266"},{"taxonomy":"post_tag","embeddable":true,"href":"https:\/\/www.ambienteyenergia.gob.ec\/ambiente\/wp-json\/wp\/v2\/tags?post=24266"}],"curies":[{"name":"wp","href":"https:\/\/api.w.org\/{rel}","templated":true}]}}