{"id":24262,"date":"2015-02-05T09:57:38","date_gmt":"2015-02-05T14:57:38","guid":{"rendered":"http:\/\/www.ambiente.gob.ec\/?p=24262"},"modified":"2015-02-05T09:57:38","modified_gmt":"2015-02-05T14:57:38","slug":"mae-realiza-operativos-de-control-forestal-en-las-vias-de-morona-santiago","status":"publish","type":"post","link":"https:\/\/www.ambienteyenergia.gob.ec\/ambiente\/mae-realiza-operativos-de-control-forestal-en-las-vias-de-morona-santiago\/","title":{"rendered":"MAE realiza operativos de control forestal en las v\u00edas de Morona Santiago"},"content":{"rendered":"<p style=\"text-align: justify;\">El Ministerio del Ambiente del Ecuador (MAE) comprometido con la conservaci\u00f3n de nuestro ecosistema, realiza controles forestales constantes contra el tr\u00e1fico ilegal de madera. Una de ellas se realiz\u00f3 el pasado fin de semana en las v\u00edas Macas \u2013 Sucua \u2013 Seipa y Macas &#8211; Puyo, personal de la oficina t\u00e9cnica de la Direcci\u00f3n Provincial del Ambiente Morona Santiago y Direcci\u00f3n Nacional Forestal, con apoyo policial del ECU 911 detuvieron dos veh\u00edculos que se encontraban transportando madera sin la respectiva gu\u00eda de movilizaci\u00f3n y adem\u00e1s circulaban con una gu\u00eda alterada.<\/p>\n<p style=\"text-align: justify;\">Es as\u00ed que personal del Ministerio del Ambiente procedi\u00f3 a verificar el contenido del transporte que present\u00f3 la gu\u00eda alterada, confirmando que no coincid\u00edan los datos con lo que se movilizaba al interior del mismo. Los veh\u00edculos en menci\u00f3n transportaban 16,2 m3 y 19.90 m3 de madera.<\/p>\n<p style=\"text-align: justify;\">El producto fue decomisado y actualmente se encuentra en custodia por parte de la Direcci\u00f3n Provincial del Ambiente de Morona Santiago.<\/p>\n<p style=\"text-align: justify;\">Este tipo de operativos buscan principalmente fortalecer la conservaci\u00f3n y protecci\u00f3n del ambiente; es por eso, que esta Cartera de Estado hace un llamado a la ciudadan\u00eda a cumplir con lo estipulado en la Ley Forestal y as\u00ed evitar sanciones. \/\/MH<\/p>\n","protected":false},"excerpt":{"rendered":"<p class=\"excerpt\">El Ministerio del Ambiente del Ecuador (MAE) comprometido con la conservaci\u00f3n de nuestro ecosistema, realiza controles forestales constantes contra el tr\u00e1fico ilegal de madera. Una de ellas se realiz\u00f3 el pasado fin de semana en las v\u00edas Macas \u2013 Sucua \u2013 Seipa y Macas &#8211; Puyo, personal de la oficina t\u00e9cnica de la Direcci\u00f3n Provincial del Ambiente Morona Santiago y&hellip; <a href=\"https:\/\/www.ambienteyenergia.gob.ec\/ambiente\/mae-realiza-operativos-de-control-forestal-en-las-vias-de-morona-santiago\/\">Read more &rarr;<\/a><\/p>\n","protected":false},"author":13,"featured_media":24263,"comment_status":"open","ping_status":"open","sticky":false,"template":"","format":"standard","meta":{"footnotes":""},"categories":[16,4],"tags":[],"class_list":["post-24262","post","type-post","status-publish","format-standard","has-post-thumbnail","hentry","category-comunicamos","category-noticias","xfolkentry"],"_links":{"self":[{"href":"https:\/\/www.ambienteyenergia.gob.ec\/ambiente\/wp-json\/wp\/v2\/posts\/24262","targetHints":{"allow":["GET"]}}],"collection":[{"href":"https:\/\/www.ambienteyenergia.gob.ec\/ambiente\/wp-json\/wp\/v2\/posts"}],"about":[{"href":"https:\/\/www.ambienteyenergia.gob.ec\/ambiente\/wp-json\/wp\/v2\/types\/post"}],"author":[{"embeddable":true,"href":"https:\/\/www.ambienteyenergia.gob.ec\/ambiente\/wp-json\/wp\/v2\/users\/13"}],"replies":[{"embeddable":true,"href":"https:\/\/www.ambienteyenergia.gob.ec\/ambiente\/wp-json\/wp\/v2\/comments?post=24262"}],"version-history":[{"count":0,"href":"https:\/\/www.ambienteyenergia.gob.ec\/ambiente\/wp-json\/wp\/v2\/posts\/24262\/revisions"}],"wp:featuredmedia":[{"embeddable":true,"href":"https:\/\/www.ambienteyenergia.gob.ec\/ambiente\/wp-json\/wp\/v2\/media\/24263"}],"wp:attachment":[{"href":"https:\/\/www.ambienteyenergia.gob.ec\/ambiente\/wp-json\/wp\/v2\/media?parent=24262"}],"wp:term":[{"taxonomy":"category","embeddable":true,"href":"https:\/\/www.ambienteyenergia.gob.ec\/ambiente\/wp-json\/wp\/v2\/categories?post=24262"},{"taxonomy":"post_tag","embeddable":true,"href":"https:\/\/www.ambienteyenergia.gob.ec\/ambiente\/wp-json\/wp\/v2\/tags?post=24262"}],"curies":[{"name":"wp","href":"https:\/\/api.w.org\/{rel}","templated":true}]}}