{"id":24254,"date":"2015-02-04T16:46:37","date_gmt":"2015-02-04T21:46:37","guid":{"rendered":"http:\/\/www.ambiente.gob.ec\/?p=24254"},"modified":"2015-02-04T16:46:37","modified_gmt":"2015-02-04T21:46:37","slug":"operativos-de-control-forestal-en-orellana","status":"publish","type":"post","link":"https:\/\/www.ambienteyenergia.gob.ec\/ambiente\/operativos-de-control-forestal-en-orellana\/","title":{"rendered":"Operativos de control forestal en Orellana"},"content":{"rendered":"<p class=\"Standard\" style=\"text-align: justify;\"><sup><span lang=\"ES-EC\" style=\"color: black;\">EL Ministerio del Ambiente (MAE) a trav\u00e9s de la Direcci\u00f3n Provincial del Ambiente Orellana, trabajando en\u00a0 conjunto con Militares de la Brigada de Selva No.19 Napo y Fiscal\u00eda del cant\u00f3n La Joya de Los Sachas, \u00a0realiz\u00f3 el allanamiento de un centro de acopio clandestino que almacenaba producto forestal sin ning\u00fan registro ni gu\u00edas que justifiquen la procedencia del producto en el sector de Pakinza.<\/span><\/sup><\/p>\n<p class=\"Standard\" style=\"text-align: justify;\"><sup><span lang=\"ES-EC\" style=\"color: black;\">Se decomisaron alrededor de 8.68 metros c\u00fabicos de madera, de las especies como el laurel, sangre de gallina, coco y sapote que se encuentran bajo custodia del MAE Orellana. Se iniciar\u00e1 inmediatamente el proceso administrativo al infractor.<\/span><\/sup><\/p>\n<p class=\"Standard\" style=\"text-align: justify;\"><sup><span lang=\"ES-EC\" style=\"color: black;\">Los operativos de control forestal y destino final van a continuar en la provincia de Orellana con el objetivo de disminuir el aprovechamiento ilegal \u00a0y el acopio clandestino de madera.<\/span><\/sup><\/p>\n","protected":false},"excerpt":{"rendered":"<p class=\"excerpt\">EL Ministerio del Ambiente (MAE) a trav\u00e9s de la Direcci\u00f3n Provincial del Ambiente Orellana, trabajando en\u00a0 conjunto con Militares de la Brigada de Selva No.19 Napo y Fiscal\u00eda del cant\u00f3n La Joya de Los Sachas, \u00a0realiz\u00f3 el allanamiento de un centro de acopio clandestino que almacenaba producto forestal sin ning\u00fan registro ni gu\u00edas que justifiquen la procedencia del producto en&hellip; <a href=\"https:\/\/www.ambienteyenergia.gob.ec\/ambiente\/operativos-de-control-forestal-en-orellana\/\">Read more &rarr;<\/a><\/p>\n","protected":false},"author":13,"featured_media":24255,"comment_status":"open","ping_status":"open","sticky":false,"template":"","format":"standard","meta":{"footnotes":""},"categories":[16,4],"tags":[261,182],"class_list":["post-24254","post","type-post","status-publish","format-standard","has-post-thumbnail","hentry","category-comunicamos","category-noticias","tag-control-forestal","tag-orellana","xfolkentry"],"_links":{"self":[{"href":"https:\/\/www.ambienteyenergia.gob.ec\/ambiente\/wp-json\/wp\/v2\/posts\/24254","targetHints":{"allow":["GET"]}}],"collection":[{"href":"https:\/\/www.ambienteyenergia.gob.ec\/ambiente\/wp-json\/wp\/v2\/posts"}],"about":[{"href":"https:\/\/www.ambienteyenergia.gob.ec\/ambiente\/wp-json\/wp\/v2\/types\/post"}],"author":[{"embeddable":true,"href":"https:\/\/www.ambienteyenergia.gob.ec\/ambiente\/wp-json\/wp\/v2\/users\/13"}],"replies":[{"embeddable":true,"href":"https:\/\/www.ambienteyenergia.gob.ec\/ambiente\/wp-json\/wp\/v2\/comments?post=24254"}],"version-history":[{"count":0,"href":"https:\/\/www.ambienteyenergia.gob.ec\/ambiente\/wp-json\/wp\/v2\/posts\/24254\/revisions"}],"wp:featuredmedia":[{"embeddable":true,"href":"https:\/\/www.ambienteyenergia.gob.ec\/ambiente\/wp-json\/wp\/v2\/media\/24255"}],"wp:attachment":[{"href":"https:\/\/www.ambienteyenergia.gob.ec\/ambiente\/wp-json\/wp\/v2\/media?parent=24254"}],"wp:term":[{"taxonomy":"category","embeddable":true,"href":"https:\/\/www.ambienteyenergia.gob.ec\/ambiente\/wp-json\/wp\/v2\/categories?post=24254"},{"taxonomy":"post_tag","embeddable":true,"href":"https:\/\/www.ambienteyenergia.gob.ec\/ambiente\/wp-json\/wp\/v2\/tags?post=24254"}],"curies":[{"name":"wp","href":"https:\/\/api.w.org\/{rel}","templated":true}]}}