{"id":24252,"date":"2015-02-04T14:49:46","date_gmt":"2015-02-04T19:49:46","guid":{"rendered":"http:\/\/www.ambiente.gob.ec\/?p=24252"},"modified":"2015-02-04T14:49:46","modified_gmt":"2015-02-04T19:49:46","slug":"ministerios-firmaron-declaracion-de-emergencia-en-galapagos","status":"publish","type":"post","link":"https:\/\/www.ambienteyenergia.gob.ec\/ambiente\/ministerios-firmaron-declaracion-de-emergencia-en-galapagos\/","title":{"rendered":"Ministerios firmaron declaraci\u00f3n de emergencia en Gal\u00e1pagos"},"content":{"rendered":"<p style=\"text-align: justify;\"><span id=\"OBJ_PREFIX_DWT98_com_zimbra_date\" class=\"Object\">Hoy<\/span>, la Ministra del Ambiente del Ecuador, Lorena Tapia, junto a la Ministra de Transporte y Obras P\u00fablicas, Paola Carvajal, y el Ministro de Recursos Naturales No Renovables, Pedro Merizalde, emitieron acuerdo interministerial No. 001 para la Reserva Marina de Gal\u00e1pagos y Parque Nacional Gal\u00e1pagos, a efectos de ejecutar las medidas necesarias y oportunas, tendientes a la rehabilitaci\u00f3n y el mantenimiento de los ecosistemas marinos y costeros, ante da\u00f1os ambientales que podr\u00edan desencadenarse con el varamiento y naufragio de la motonave \u201cFloreana\u201d.<\/p>\n<p>El mismo acuerdo se\u00f1ala que la emergencia tambi\u00e9n comprende el sistema de transportaci\u00f3n <span id=\"OBJ_PREFIX_DWT99_com_zimbra_date\" class=\"Object\">mar<\/span>\u00edtima de carga hacia y desde la provincia de Gal\u00e1pagos, y el sistema de abastecimiento de combustible hacia el territorio insular.<\/p>\n<p>El Ministerio de Transporte y Obras P\u00fablicas, a trav\u00e9s de la Subsecretar\u00eda de Puertos y Transporte <span id=\"OBJ_PREFIX_DWT100_com_zimbra_date\" class=\"Object\">Mar<\/span>\u00edtimo y Fluvial, dentro del \u00e1mbito de su competencia, proceder\u00e1 con la contrataci\u00f3n y ejecuci\u00f3n de obras, bienes y servicios que sean necesarios para superar la emergencia ambiental.<\/p>\n<p>Este acuerdo interministerial atiende a la recomendaci\u00f3n que hiciera el Comit\u00e9 de Operaciones de Emergencia (COE) Provincial, y tendr\u00e1 una duraci\u00f3n de 180 d\u00edas.<\/p>\n<p>De la misma forma, el acuerdo interministerial dispone a la Direcci\u00f3n del Parque Nacional Gal\u00e1pagos del Ministerio del Ambiente, que dentro del \u00e1mbito de sus competencias, brinde asesor\u00eda t\u00e9cnica y log\u00edstica, ejecute planes y medidas de acci\u00f3n necesarios a fin de disminuir la afectaci\u00f3n ambiental directa del varamiento y naufragio del buque de carga \u201cFloreana\u201d.<\/p>\n<p>Por su parte, EP PetroEcuador deber\u00e1 adoptar las medidas necesarias para mejorar la seguridad e infraestructura para el almacenamiento y distribuci\u00f3n de los hidrocarburos en la Provincia de Gal\u00e1pagos, sustancias que suponen el mayor riesgo de contaminaci\u00f3n para los ecosistemas del archipi\u00e9lago.<\/p>\n<p>El buque de carga Floreana, encall\u00f3 en la costa oeste de Bah\u00eda Naufragio en la isla San Crist\u00f3bal, mientras cumpl\u00eda con un itinerario de rutina en el transporte de productos desde Guayaquil.<\/p>\n","protected":false},"excerpt":{"rendered":"<p class=\"excerpt\">Hoy, la Ministra del Ambiente del Ecuador, Lorena Tapia, junto a la Ministra de Transporte y Obras P\u00fablicas, Paola Carvajal, y el Ministro de Recursos Naturales No Renovables, Pedro Merizalde, emitieron acuerdo interministerial No. 001 para la Reserva Marina de Gal\u00e1pagos y Parque Nacional Gal\u00e1pagos, a efectos de ejecutar las medidas necesarias y oportunas, tendientes a la rehabilitaci\u00f3n y el&hellip; <a href=\"https:\/\/www.ambienteyenergia.gob.ec\/ambiente\/ministerios-firmaron-declaracion-de-emergencia-en-galapagos\/\">Read more &rarr;<\/a><\/p>\n","protected":false},"author":13,"featured_media":22884,"comment_status":"open","ping_status":"open","sticky":false,"template":"","format":"standard","meta":{"footnotes":""},"categories":[16,4],"tags":[],"class_list":["post-24252","post","type-post","status-publish","format-standard","has-post-thumbnail","hentry","category-comunicamos","category-noticias","xfolkentry"],"_links":{"self":[{"href":"https:\/\/www.ambienteyenergia.gob.ec\/ambiente\/wp-json\/wp\/v2\/posts\/24252","targetHints":{"allow":["GET"]}}],"collection":[{"href":"https:\/\/www.ambienteyenergia.gob.ec\/ambiente\/wp-json\/wp\/v2\/posts"}],"about":[{"href":"https:\/\/www.ambienteyenergia.gob.ec\/ambiente\/wp-json\/wp\/v2\/types\/post"}],"author":[{"embeddable":true,"href":"https:\/\/www.ambienteyenergia.gob.ec\/ambiente\/wp-json\/wp\/v2\/users\/13"}],"replies":[{"embeddable":true,"href":"https:\/\/www.ambienteyenergia.gob.ec\/ambiente\/wp-json\/wp\/v2\/comments?post=24252"}],"version-history":[{"count":0,"href":"https:\/\/www.ambienteyenergia.gob.ec\/ambiente\/wp-json\/wp\/v2\/posts\/24252\/revisions"}],"wp:featuredmedia":[{"embeddable":true,"href":"https:\/\/www.ambienteyenergia.gob.ec\/ambiente\/wp-json\/wp\/v2\/media\/22884"}],"wp:attachment":[{"href":"https:\/\/www.ambienteyenergia.gob.ec\/ambiente\/wp-json\/wp\/v2\/media?parent=24252"}],"wp:term":[{"taxonomy":"category","embeddable":true,"href":"https:\/\/www.ambienteyenergia.gob.ec\/ambiente\/wp-json\/wp\/v2\/categories?post=24252"},{"taxonomy":"post_tag","embeddable":true,"href":"https:\/\/www.ambienteyenergia.gob.ec\/ambiente\/wp-json\/wp\/v2\/tags?post=24252"}],"curies":[{"name":"wp","href":"https:\/\/api.w.org\/{rel}","templated":true}]}}