{"id":24249,"date":"2015-02-04T12:14:15","date_gmt":"2015-02-04T17:14:15","guid":{"rendered":"http:\/\/www.ambiente.gob.ec\/?p=24249"},"modified":"2015-02-04T12:14:15","modified_gmt":"2015-02-04T17:14:15","slug":"la-reserva-ecologica-cotacachi-cayapas-celebro-el-dia-mundial-de-los-humedales","status":"publish","type":"post","link":"https:\/\/www.ambienteyenergia.gob.ec\/ambiente\/la-reserva-ecologica-cotacachi-cayapas-celebro-el-dia-mundial-de-los-humedales\/","title":{"rendered":"La Reserva Ecol\u00f3gica Cotacachi Cayapas celebr\u00f3 el D\u00eda Mundial de los Humedales"},"content":{"rendered":"<p style=\"text-align: justify;\">En el marco de la celebraci\u00f3n del D\u00eda Mundial de los Humedales, el pasado 2 de febrero el Ministerio del Ambiente del Ecuador (MAE), a trav\u00e9s la Reserva Ecol\u00f3gica Cotacachi Cayapas record\u00f3 la importancia de estos ecosistemas con una serie de actividades coordinadas con la Unidad Educativa Cotacachi.<\/p>\n<p style=\"text-align: justify;\">Los humedales son de vital importancia porque nos proveen de agua, ayudan a purificar el aire, nos da un espacio para el esparcimiento y la distracci\u00f3n y son el hogar de cientos de especies.<\/p>\n<p style=\"text-align: justify;\">Por ello, el MAE llev\u00f3 adelante actividades encaminadas a aumentar la sensibilizaci\u00f3n del p\u00fablico en general acerca de los valores de los humedales y los beneficios que reportan. As\u00ed, se realiz\u00f3 interpretaciones ambientales, recorridos guiados por el Centro de Visitantes, Jard\u00edn Bot\u00e1nico, Ruta Sagrada y Espejo de Agua; adem\u00e1s de charlas de capacitaci\u00f3n sobre este tema.<\/p>\n<p style=\"text-align: justify;\">Este programa cont\u00f3 con la participaci\u00f3n de 42 estudiantes y docentes de los d\u00e9cimos a\u00f1os de la Unidad Educativa Cotacachi, quienes al final asumieron h\u00e1bitos, costumbres y una cultura de respeto a los recursos naturales. \/\/MH<\/p>\n","protected":false},"excerpt":{"rendered":"<p class=\"excerpt\">En el marco de la celebraci\u00f3n del D\u00eda Mundial de los Humedales, el pasado 2 de febrero el Ministerio del Ambiente del Ecuador (MAE), a trav\u00e9s la Reserva Ecol\u00f3gica Cotacachi Cayapas record\u00f3 la importancia de estos ecosistemas con una serie de actividades coordinadas con la Unidad Educativa Cotacachi. Los humedales son de vital importancia porque nos proveen de agua, ayudan&hellip; <a href=\"https:\/\/www.ambienteyenergia.gob.ec\/ambiente\/la-reserva-ecologica-cotacachi-cayapas-celebro-el-dia-mundial-de-los-humedales\/\">Read more &rarr;<\/a><\/p>\n","protected":false},"author":13,"featured_media":24250,"comment_status":"open","ping_status":"open","sticky":false,"template":"","format":"standard","meta":{"footnotes":""},"categories":[16,4],"tags":[],"class_list":["post-24249","post","type-post","status-publish","format-standard","has-post-thumbnail","hentry","category-comunicamos","category-noticias","xfolkentry"],"_links":{"self":[{"href":"https:\/\/www.ambienteyenergia.gob.ec\/ambiente\/wp-json\/wp\/v2\/posts\/24249","targetHints":{"allow":["GET"]}}],"collection":[{"href":"https:\/\/www.ambienteyenergia.gob.ec\/ambiente\/wp-json\/wp\/v2\/posts"}],"about":[{"href":"https:\/\/www.ambienteyenergia.gob.ec\/ambiente\/wp-json\/wp\/v2\/types\/post"}],"author":[{"embeddable":true,"href":"https:\/\/www.ambienteyenergia.gob.ec\/ambiente\/wp-json\/wp\/v2\/users\/13"}],"replies":[{"embeddable":true,"href":"https:\/\/www.ambienteyenergia.gob.ec\/ambiente\/wp-json\/wp\/v2\/comments?post=24249"}],"version-history":[{"count":0,"href":"https:\/\/www.ambienteyenergia.gob.ec\/ambiente\/wp-json\/wp\/v2\/posts\/24249\/revisions"}],"wp:featuredmedia":[{"embeddable":true,"href":"https:\/\/www.ambienteyenergia.gob.ec\/ambiente\/wp-json\/wp\/v2\/media\/24250"}],"wp:attachment":[{"href":"https:\/\/www.ambienteyenergia.gob.ec\/ambiente\/wp-json\/wp\/v2\/media?parent=24249"}],"wp:term":[{"taxonomy":"category","embeddable":true,"href":"https:\/\/www.ambienteyenergia.gob.ec\/ambiente\/wp-json\/wp\/v2\/categories?post=24249"},{"taxonomy":"post_tag","embeddable":true,"href":"https:\/\/www.ambienteyenergia.gob.ec\/ambiente\/wp-json\/wp\/v2\/tags?post=24249"}],"curies":[{"name":"wp","href":"https:\/\/api.w.org\/{rel}","templated":true}]}}