{"id":24246,"date":"2015-02-04T11:57:28","date_gmt":"2015-02-04T16:57:28","guid":{"rendered":"http:\/\/www.ambiente.gob.ec\/?p=24246"},"modified":"2015-02-04T11:57:28","modified_gmt":"2015-02-04T16:57:28","slug":"mae-realiza-taller-para-buscar-alternativas-de-manejo-sobre-la-depredacion-agricola-y-ganadera-en-imbabura","status":"publish","type":"post","link":"https:\/\/www.ambienteyenergia.gob.ec\/ambiente\/mae-realiza-taller-para-buscar-alternativas-de-manejo-sobre-la-depredacion-agricola-y-ganadera-en-imbabura\/","title":{"rendered":"MAE realiza Taller para buscar alternativas de manejo sobre la depredaci\u00f3n agr\u00edcola y ganadera en Imbabura"},"content":{"rendered":"<p style=\"text-align: justify;\">El pasado viernes 30 de enero, la Direcci\u00f3n Provincial Ambiental de Imbabura, en coordinaci\u00f3n con el Gobierno Provincial de Imbabura, llev\u00f3 adelante un taller donde se trato temas relacionados con la afectaci\u00f3n agr\u00edcola y ganadera, por especies silvestres en las comunidades del cant\u00f3n Pimampiro.<\/p>\n<p style=\"text-align: justify;\">La depredaci\u00f3n agr\u00edcola y ganadera por grandes carn\u00edvoros es com\u00fan en muchos lugares del Ecuador y la provincia de Imbabura, cant\u00f3n Pimampiro, no escapa a esta problem\u00e1tica que se ha agudizado en un contexto de creciente expansi\u00f3n demogr\u00e1fica. Por ello, es importante trabajar en la capacitaci\u00f3n institucional con la comunidad para buscar soluciones y prevenir estos casos sin afectar al medio ambiente.<\/p>\n<p style=\"text-align: justify;\">En el evento participaron Instituciones p\u00fablicas y privadas entre ellas: SENPLADES, MAE-Carchi, PNCC, Proyecto Oso Andino del Norte, GPI, Ministerio de Turismo, GAD Mariano Acosta, GAD San Francisco de Sigsipamba, MAGAP, Gobierno Provincial del Carchi, MAE-Imbabura, Programa Socio Bosque, Fundaci\u00f3n Semilla Ambiental, Proyecto Paisajes y Conservaci\u00f3n; considerando el tema como social, econ\u00f3mico y ambiental.<\/p>\n<p style=\"text-align: justify;\">Las instituciones asistentes al taller mostraron su apertura para apoyar t\u00e9cnica y econ\u00f3micamente al Ministerio del Ambiente en este trabajo y en la construcci\u00f3n de un programa aplicable en la provincia, a trav\u00e9s de la Mesa Ambiental cantonal propuesta para ocuparse de este tema y otros relacionados. \/\/MH<\/p>\n","protected":false},"excerpt":{"rendered":"<p class=\"excerpt\">El pasado viernes 30 de enero, la Direcci\u00f3n Provincial Ambiental de Imbabura, en coordinaci\u00f3n con el Gobierno Provincial de Imbabura, llev\u00f3 adelante un taller donde se trato temas relacionados con la afectaci\u00f3n agr\u00edcola y ganadera, por especies silvestres en las comunidades del cant\u00f3n Pimampiro. La depredaci\u00f3n agr\u00edcola y ganadera por grandes carn\u00edvoros es com\u00fan en muchos lugares del Ecuador y&hellip; <a href=\"https:\/\/www.ambienteyenergia.gob.ec\/ambiente\/mae-realiza-taller-para-buscar-alternativas-de-manejo-sobre-la-depredacion-agricola-y-ganadera-en-imbabura\/\">Read more &rarr;<\/a><\/p>\n","protected":false},"author":13,"featured_media":24247,"comment_status":"open","ping_status":"open","sticky":false,"template":"","format":"standard","meta":{"footnotes":""},"categories":[16,4],"tags":[],"class_list":["post-24246","post","type-post","status-publish","format-standard","has-post-thumbnail","hentry","category-comunicamos","category-noticias","xfolkentry"],"_links":{"self":[{"href":"https:\/\/www.ambienteyenergia.gob.ec\/ambiente\/wp-json\/wp\/v2\/posts\/24246","targetHints":{"allow":["GET"]}}],"collection":[{"href":"https:\/\/www.ambienteyenergia.gob.ec\/ambiente\/wp-json\/wp\/v2\/posts"}],"about":[{"href":"https:\/\/www.ambienteyenergia.gob.ec\/ambiente\/wp-json\/wp\/v2\/types\/post"}],"author":[{"embeddable":true,"href":"https:\/\/www.ambienteyenergia.gob.ec\/ambiente\/wp-json\/wp\/v2\/users\/13"}],"replies":[{"embeddable":true,"href":"https:\/\/www.ambienteyenergia.gob.ec\/ambiente\/wp-json\/wp\/v2\/comments?post=24246"}],"version-history":[{"count":0,"href":"https:\/\/www.ambienteyenergia.gob.ec\/ambiente\/wp-json\/wp\/v2\/posts\/24246\/revisions"}],"wp:featuredmedia":[{"embeddable":true,"href":"https:\/\/www.ambienteyenergia.gob.ec\/ambiente\/wp-json\/wp\/v2\/media\/24247"}],"wp:attachment":[{"href":"https:\/\/www.ambienteyenergia.gob.ec\/ambiente\/wp-json\/wp\/v2\/media?parent=24246"}],"wp:term":[{"taxonomy":"category","embeddable":true,"href":"https:\/\/www.ambienteyenergia.gob.ec\/ambiente\/wp-json\/wp\/v2\/categories?post=24246"},{"taxonomy":"post_tag","embeddable":true,"href":"https:\/\/www.ambienteyenergia.gob.ec\/ambiente\/wp-json\/wp\/v2\/tags?post=24246"}],"curies":[{"name":"wp","href":"https:\/\/api.w.org\/{rel}","templated":true}]}}