{"id":24244,"date":"2015-02-04T11:50:07","date_gmt":"2015-02-04T16:50:07","guid":{"rendered":"http:\/\/www.ambiente.gob.ec\/?p=24244"},"modified":"2015-02-04T11:50:07","modified_gmt":"2015-02-04T16:50:07","slug":"mae-realiza-rescate-de-especimenes-de-vida-silvestre-en-el-sector-de-el-cabo-canton-paute","status":"publish","type":"post","link":"https:\/\/www.ambienteyenergia.gob.ec\/ambiente\/mae-realiza-rescate-de-especimenes-de-vida-silvestre-en-el-sector-de-el-cabo-canton-paute\/","title":{"rendered":"MAE realiza rescate de espec\u00edmenes de vida silvestre en el sector de El Cabo, cant\u00f3n Paute"},"content":{"rendered":"<p style=\"text-align: justify;\">El pasado viernes 23 de enero, el Ministerio del Ambiente del Ecuador (MAE) a trav\u00e9s de la Direcci\u00f3n Provincial del Ambiente Azuay y en coordinaci\u00f3n con la Unidad de Protecci\u00f3n del Medio Ambiente (UPMA), realizaron el rescate de 11 aves silvestres y el decomiso de 1 tuc\u00e1n disecado, que se encontraban en una casa ubicada en el sector El Cabo, cant\u00f3n Paute.<\/p>\n<p style=\"text-align: justify;\">El rescate se llev\u00f3 a cabo gracias a la denuncia de un ciudadano que alert\u00f3 al Ministerio del Ambiente sobre este caso. Al llegar a la casa en menci\u00f3n, t\u00e9cnicos del MAE y miembros de la polic\u00eda explicaron al propietario sobre la tenencia ilegal de fauna silvestre, a lo cual supo indicar su desconocimiento y se facilit\u00f3 la respectiva inspecci\u00f3n.<\/p>\n<p style=\"text-align: justify;\">En la terraza de la vivienda, se pudo encontrar varias especies silvestres y dom\u00e9sticas distribuidas en varias jaulas; se trata de 1 Loro Alibronceado (<em>Pionus chalcopterus<\/em>), 2 Gallaretas p\u00farpuras (<em>Porphyrula martinica<\/em>), 3 Periquitos del pac\u00edfico (<em>Brotogeris coelestis<\/em>), 3 Cardenales (<em>Paroaria coronata<\/em>), 1 Vaquero gigante (<em>Molothrus oryzivorus<\/em> ) y un Tuc\u00e1n disecado.<\/p>\n<p style=\"text-align: justify;\">Los espec\u00edmenes se encontraban aparentemente en buen estado de salud y fueron trasladados al Centro de Rescate Pumapungo, donde se levant\u00f3 el Acta Nro: 010-2015 de recepci\u00f3n de aves. Aqu\u00ed las aves rescatadas se mantendr\u00e1n en cuarentena, con el fin de iniciar el proceso de liberaci\u00f3n de ser el caso.<\/p>\n<p style=\"text-align: justify;\">El MAE continuar\u00e1 con los operativos de control y a la vez, se invita a la ciudadan\u00eda a denunciar casos de tenencia ilegal de fauna silvestre al portal de denuncias MAE transparente, al ECU 911 o al 115 de la Polic\u00eda Nacional. \/\/MH<\/p>\n","protected":false},"excerpt":{"rendered":"<p class=\"excerpt\">El pasado viernes 23 de enero, el Ministerio del Ambiente del Ecuador (MAE) a trav\u00e9s de la Direcci\u00f3n Provincial del Ambiente Azuay y en coordinaci\u00f3n con la Unidad de Protecci\u00f3n del Medio Ambiente (UPMA), realizaron el rescate de 11 aves silvestres y el decomiso de 1 tuc\u00e1n disecado, que se encontraban en una casa ubicada en el sector El Cabo,&hellip; <a href=\"https:\/\/www.ambienteyenergia.gob.ec\/ambiente\/mae-realiza-rescate-de-especimenes-de-vida-silvestre-en-el-sector-de-el-cabo-canton-paute\/\">Read more &rarr;<\/a><\/p>\n","protected":false},"author":13,"featured_media":23214,"comment_status":"open","ping_status":"open","sticky":false,"template":"","format":"standard","meta":{"footnotes":""},"categories":[16,4],"tags":[],"class_list":["post-24244","post","type-post","status-publish","format-standard","has-post-thumbnail","hentry","category-comunicamos","category-noticias","xfolkentry"],"_links":{"self":[{"href":"https:\/\/www.ambienteyenergia.gob.ec\/ambiente\/wp-json\/wp\/v2\/posts\/24244","targetHints":{"allow":["GET"]}}],"collection":[{"href":"https:\/\/www.ambienteyenergia.gob.ec\/ambiente\/wp-json\/wp\/v2\/posts"}],"about":[{"href":"https:\/\/www.ambienteyenergia.gob.ec\/ambiente\/wp-json\/wp\/v2\/types\/post"}],"author":[{"embeddable":true,"href":"https:\/\/www.ambienteyenergia.gob.ec\/ambiente\/wp-json\/wp\/v2\/users\/13"}],"replies":[{"embeddable":true,"href":"https:\/\/www.ambienteyenergia.gob.ec\/ambiente\/wp-json\/wp\/v2\/comments?post=24244"}],"version-history":[{"count":0,"href":"https:\/\/www.ambienteyenergia.gob.ec\/ambiente\/wp-json\/wp\/v2\/posts\/24244\/revisions"}],"wp:featuredmedia":[{"embeddable":true,"href":"https:\/\/www.ambienteyenergia.gob.ec\/ambiente\/wp-json\/wp\/v2\/media\/23214"}],"wp:attachment":[{"href":"https:\/\/www.ambienteyenergia.gob.ec\/ambiente\/wp-json\/wp\/v2\/media?parent=24244"}],"wp:term":[{"taxonomy":"category","embeddable":true,"href":"https:\/\/www.ambienteyenergia.gob.ec\/ambiente\/wp-json\/wp\/v2\/categories?post=24244"},{"taxonomy":"post_tag","embeddable":true,"href":"https:\/\/www.ambienteyenergia.gob.ec\/ambiente\/wp-json\/wp\/v2\/tags?post=24244"}],"curies":[{"name":"wp","href":"https:\/\/api.w.org\/{rel}","templated":true}]}}