{"id":24241,"date":"2015-02-03T17:00:27","date_gmt":"2015-02-03T22:00:27","guid":{"rendered":"http:\/\/www.ambiente.gob.ec\/?p=24241"},"modified":"2015-02-03T17:00:27","modified_gmt":"2015-02-03T22:00:27","slug":"somos-amazonia-ratifica-el-compromiso-ambiental-nacional","status":"publish","type":"post","link":"https:\/\/www.ambienteyenergia.gob.ec\/ambiente\/somos-amazonia-ratifica-el-compromiso-ambiental-nacional\/","title":{"rendered":"Somos Amazon\u00eda ratifica el compromiso ambiental Nacional"},"content":{"rendered":"<p style=\"text-align: justify;\">La ministra del Ambiente, Lorena Tapia, particip\u00f3 en el evento Somos Amazon\u00eda organizado por la Secretar\u00eda Nacional de Gesti\u00f3n de la Pol\u00edtica (SNGP), el Consorcio de Municipios Amaz\u00f3nicos y de Gal\u00e1pagos (Comaga) y el Consejo Nacional de Gobiernos Parroquiales Rurales del Ecuador (Conagopare), que cont\u00f3 con la presencia de las m\u00e1s importantes autoridades del Gobierno Central, encabezadas por el presidente Rafael Correa.<\/p>\n<p style=\"text-align: justify;\">La convenci\u00f3n, a la que asistieron m\u00e1s de un millar de ciudadanos, ten\u00eda como objetivo juntar a los representantes de los Gobiernos Aut\u00f3nomos Descentralizados (GAD) de la regi\u00f3n con las autoridades nacionales para generar un espacio de di\u00e1logo para la planificaci\u00f3n de pol\u00edticas p\u00fablicas que beneficien a los habitantes de esta regi\u00f3n.<\/p>\n<p style=\"text-align: justify;\">Durante su discurso, el Primer Mandatario destac\u00f3 el trabajo realizado en beneficio de la regi\u00f3n amaz\u00f3nica, que recibe fondos de las rentas obtenidas de la explotaci\u00f3n hidrocarbur\u00edfera, por lo que ratific\u00f3 su compromiso de extraer responsable y amigablemente el petr\u00f3leo de los bloques 31 y 43, ubicados en el Parque Nacional Yasun\u00ed, en beneficio de los pueblos orientales.<\/p>\n<p style=\"text-align: justify;\">Aquello se complementa con la Constituci\u00f3n vigente, que ha sido destacada como ecologista por parte de varios estamentos nacionales e internacionales.<\/p>\n<p style=\"text-align: justify;\">Estas declaraciones tuvieron apoyo de parte de los y las representantes de los GAD presentes en el evento, como Blanca Grefa, presidenta de la Federaci\u00f3n de Comunas y Comunidades Kichwa de la Amazon\u00eda, quien apoy\u00f3 la iniciativa.<\/p>\n<p style=\"text-align: justify;\">\u201cApoyamos el trabajo que ha realizado el Gobierno en el \u00e1rea ambiental, aquello demuestra su responsabilidad para la explotaci\u00f3n petrolera\u201d, afirm\u00f3 la representante.<\/p>\n<p style=\"text-align: justify;\">El evento se realiz\u00f3 esta ma\u00f1ana en el coliseo Para\u00edso Amaz\u00f3nico, del cant\u00f3n Puerto Francisco de Orellana (Coca) y cont\u00f3 adem\u00e1s con una serie de stands en donde las instituciones participantes mostraron el trabajo que realizan en la regi\u00f3n oriental del pa\u00eds.<\/p>\n<p style=\"text-align: justify;\">All\u00ed, un equipo t\u00e9cnico del Ministerio del Ambiente (MAE) exhibi\u00f3 ante los visitantes el trabajo que se realiza en el Parque Nacional Yasun\u00ed y en su Direcci\u00f3n Provincial de Orellana, donde destacan sus labores de educaci\u00f3n ambiental, monitoreo y control de comercio de especies silvestres.\/jr-ds<\/p>\n<p>&nbsp;<\/p>\n","protected":false},"excerpt":{"rendered":"<p class=\"excerpt\">La ministra del Ambiente, Lorena Tapia, particip\u00f3 en el evento Somos Amazon\u00eda organizado por la Secretar\u00eda Nacional de Gesti\u00f3n de la Pol\u00edtica (SNGP), el Consorcio de Municipios Amaz\u00f3nicos y de Gal\u00e1pagos (Comaga) y el Consejo Nacional de Gobiernos Parroquiales Rurales del Ecuador (Conagopare), que cont\u00f3 con la presencia de las m\u00e1s importantes autoridades del Gobierno Central, encabezadas por el presidente&hellip; <a href=\"https:\/\/www.ambienteyenergia.gob.ec\/ambiente\/somos-amazonia-ratifica-el-compromiso-ambiental-nacional\/\">Read more &rarr;<\/a><\/p>\n","protected":false},"author":13,"featured_media":24242,"comment_status":"open","ping_status":"open","sticky":false,"template":"","format":"standard","meta":{"footnotes":""},"categories":[16,4],"tags":[],"class_list":["post-24241","post","type-post","status-publish","format-standard","has-post-thumbnail","hentry","category-comunicamos","category-noticias","xfolkentry"],"_links":{"self":[{"href":"https:\/\/www.ambienteyenergia.gob.ec\/ambiente\/wp-json\/wp\/v2\/posts\/24241","targetHints":{"allow":["GET"]}}],"collection":[{"href":"https:\/\/www.ambienteyenergia.gob.ec\/ambiente\/wp-json\/wp\/v2\/posts"}],"about":[{"href":"https:\/\/www.ambienteyenergia.gob.ec\/ambiente\/wp-json\/wp\/v2\/types\/post"}],"author":[{"embeddable":true,"href":"https:\/\/www.ambienteyenergia.gob.ec\/ambiente\/wp-json\/wp\/v2\/users\/13"}],"replies":[{"embeddable":true,"href":"https:\/\/www.ambienteyenergia.gob.ec\/ambiente\/wp-json\/wp\/v2\/comments?post=24241"}],"version-history":[{"count":0,"href":"https:\/\/www.ambienteyenergia.gob.ec\/ambiente\/wp-json\/wp\/v2\/posts\/24241\/revisions"}],"wp:featuredmedia":[{"embeddable":true,"href":"https:\/\/www.ambienteyenergia.gob.ec\/ambiente\/wp-json\/wp\/v2\/media\/24242"}],"wp:attachment":[{"href":"https:\/\/www.ambienteyenergia.gob.ec\/ambiente\/wp-json\/wp\/v2\/media?parent=24241"}],"wp:term":[{"taxonomy":"category","embeddable":true,"href":"https:\/\/www.ambienteyenergia.gob.ec\/ambiente\/wp-json\/wp\/v2\/categories?post=24241"},{"taxonomy":"post_tag","embeddable":true,"href":"https:\/\/www.ambienteyenergia.gob.ec\/ambiente\/wp-json\/wp\/v2\/tags?post=24241"}],"curies":[{"name":"wp","href":"https:\/\/api.w.org\/{rel}","templated":true}]}}