{"id":24238,"date":"2015-02-03T16:26:30","date_gmt":"2015-02-03T21:26:30","guid":{"rendered":"http:\/\/www.ambiente.gob.ec\/?p=24238"},"modified":"2015-02-03T16:26:30","modified_gmt":"2015-02-03T21:26:30","slug":"manglares-churute-celebro-el-dia-mundial-de-los-humedales","status":"publish","type":"post","link":"https:\/\/www.ambienteyenergia.gob.ec\/ambiente\/manglares-churute-celebro-el-dia-mundial-de-los-humedales\/","title":{"rendered":"Manglares Churute celebr\u00f3 el D\u00eda Mundial de los Humedales"},"content":{"rendered":"<p style=\"text-align: justify;\">El Ministerio del Ambiente a trav\u00e9s de la Reserva Ecol\u00f3gica de Manglares Churute celebr\u00f3 el D\u00eda Mundial de los Humedales con una casa abierta en la que asistieron alrededor de 400 estudiantes y ciudadan\u00eda en general.<\/p>\n<p style=\"text-align: justify;\">Carpas informativas se ubicaron fuera del Centro de Interpretaci\u00f3n de \u00e9sta reserva en donde t\u00e9cnicos del MAE brindaron informaci\u00f3n sobre educaci\u00f3n ambiental, beneficios ecosist\u00e9micos de los humedales, adem\u00e1s de compartir con los m\u00e1s peque\u00f1os una funci\u00f3n de t\u00edteres y alternativas de para la elaboraci\u00f3n de manualidades con materiales reciclados y reutilizables.<\/p>\n<p style=\"text-align: justify;\">A esta cita concurrieron diferentes instituciones vinculadas con la protecci\u00f3n y conservaci\u00f3n del ambiente, entre ellos la Prefectura del Guayas, Senagua, la Unidad de Protecci\u00f3n del Medio Ambiente de la la Polic\u00eda Nacional, Servicio Civil Ciudadano, Conservaci\u00f3n Internacional, Fundaci\u00f3n Calisur y la Asociaci\u00f3n de Cangrejeros \u201c6 de Julio\u201d.<\/p>\n<p style=\"text-align: justify;\">En la Reserva Churute existen m\u00e1s de 700 especies de plantas, entre ellas cinco especies de mangle y aproximadamente 300 especies de aves.<\/p>\n<p style=\"text-align: justify;\">Cuenta con senderos tur\u00edsticos para realizar recorridos en canoa para observar aves como fragatas, pel\u00edcanos, \u00e1guila pescadora y varias especies de aves playeras, a trav\u00e9s de su extenso complejo de canales e islas con densos bosques de mangle, que se une a tierras continentales altas y h\u00famedas.<\/p>\n<p style=\"text-align: justify;\"><strong>Reserva Ecol\u00f3gica de Manglares Churute<\/strong><\/p>\n<p style=\"text-align: justify;\">Esta \u00e1rea protegida cuenta con un \u00e1rea de 55 212 hect\u00e1reas fue declarada como citio Ramsar el 7 de septiembre de 1990 por su importancia biol\u00f3gica.<\/p>\n<p style=\"text-align: justify;\">La mayor parte est\u00e1 formada por manglar, con vegetaci\u00f3n talof\u00edtica que se desarrolla en los estuarios de tres r\u00edos: Ca\u00f1ar, Taura y Churute. El sitio est\u00e1 sujeto a la influencia de las mareas y al flujo de las aguas del r\u00edo Guayas.<\/p>\n<p style=\"text-align: justify;\">Parte del sitio lo constituye la laguna de El Cancl\u00f3n, de agua dulce, como colinas cubiertas con bosque seco tropical y de transici\u00f3n a h\u00famedo tropical.<\/p>\n","protected":false},"excerpt":{"rendered":"<p class=\"excerpt\">El Ministerio del Ambiente a trav\u00e9s de la Reserva Ecol\u00f3gica de Manglares Churute celebr\u00f3 el D\u00eda Mundial de los Humedales con una casa abierta en la que asistieron alrededor de 400 estudiantes y ciudadan\u00eda en general. Carpas informativas se ubicaron fuera del Centro de Interpretaci\u00f3n de \u00e9sta reserva en donde t\u00e9cnicos del MAE brindaron informaci\u00f3n sobre educaci\u00f3n ambiental, beneficios ecosist\u00e9micos&hellip; <a href=\"https:\/\/www.ambienteyenergia.gob.ec\/ambiente\/manglares-churute-celebro-el-dia-mundial-de-los-humedales\/\">Read more &rarr;<\/a><\/p>\n","protected":false},"author":13,"featured_media":24239,"comment_status":"open","ping_status":"open","sticky":false,"template":"","format":"standard","meta":{"footnotes":""},"categories":[16,4],"tags":[672,387,671],"class_list":["post-24238","post","type-post","status-publish","format-standard","has-post-thumbnail","hentry","category-comunicamos","category-noticias","tag-humedales","tag-mae-lorena-tapia","tag-manglares-churute","xfolkentry"],"_links":{"self":[{"href":"https:\/\/www.ambienteyenergia.gob.ec\/ambiente\/wp-json\/wp\/v2\/posts\/24238","targetHints":{"allow":["GET"]}}],"collection":[{"href":"https:\/\/www.ambienteyenergia.gob.ec\/ambiente\/wp-json\/wp\/v2\/posts"}],"about":[{"href":"https:\/\/www.ambienteyenergia.gob.ec\/ambiente\/wp-json\/wp\/v2\/types\/post"}],"author":[{"embeddable":true,"href":"https:\/\/www.ambienteyenergia.gob.ec\/ambiente\/wp-json\/wp\/v2\/users\/13"}],"replies":[{"embeddable":true,"href":"https:\/\/www.ambienteyenergia.gob.ec\/ambiente\/wp-json\/wp\/v2\/comments?post=24238"}],"version-history":[{"count":0,"href":"https:\/\/www.ambienteyenergia.gob.ec\/ambiente\/wp-json\/wp\/v2\/posts\/24238\/revisions"}],"wp:featuredmedia":[{"embeddable":true,"href":"https:\/\/www.ambienteyenergia.gob.ec\/ambiente\/wp-json\/wp\/v2\/media\/24239"}],"wp:attachment":[{"href":"https:\/\/www.ambienteyenergia.gob.ec\/ambiente\/wp-json\/wp\/v2\/media?parent=24238"}],"wp:term":[{"taxonomy":"category","embeddable":true,"href":"https:\/\/www.ambienteyenergia.gob.ec\/ambiente\/wp-json\/wp\/v2\/categories?post=24238"},{"taxonomy":"post_tag","embeddable":true,"href":"https:\/\/www.ambienteyenergia.gob.ec\/ambiente\/wp-json\/wp\/v2\/tags?post=24238"}],"curies":[{"name":"wp","href":"https:\/\/api.w.org\/{rel}","templated":true}]}}