{"id":24230,"date":"2015-02-03T15:28:43","date_gmt":"2015-02-03T20:28:43","guid":{"rendered":"http:\/\/www.ambiente.gob.ec\/?p=24230"},"modified":"2015-02-03T15:28:43","modified_gmt":"2015-02-03T20:28:43","slug":"mae-celebro-el-dia-mundial-de-los-humedales-en-loja","status":"publish","type":"post","link":"https:\/\/www.ambienteyenergia.gob.ec\/ambiente\/mae-celebro-el-dia-mundial-de-los-humedales-en-loja\/","title":{"rendered":"MAE celebr\u00f3 el D\u00eda Mundial de los Humedales en Loja"},"content":{"rendered":"<p>Desde el pasado 30 de enero, el Ministerio del Ambiente del Ecuador (MAE) conmemor\u00f3 el D\u00eda Mundial de los Humedales en Loja con diversas actividades y la participaci\u00f3n de establecimientos acad\u00e9micos de la localidad y aleda\u00f1os; como por ejemplo la caminata a la Laguna Colorada en el Parque Nacional Yacuri, donde estudiantes del segundo a\u00f1o de bachillerato del Colegio Rosa Herlinda, de la ciudad Amaluza, cant\u00f3n Esp\u00edndola, aprendieron la importancia de participar activamente en la conservaci\u00f3n de estos ecosistemas.<\/p>\n<p>Otra de las actividades se llev\u00f3 a cabo en las instalaciones del Consejo Provincial de Loja, donde se realiz\u00f3 un f\u00f3rum acerca de los humedales, con la presencia de estudiantes de la Unidad Educativa \u201cAteneo\u201d; donde se compartieron criterios entre los asistentes y los expositores.<\/p>\n<p>Pablo Jaramillo, t\u00e9cnico del Patrimonio Natural, se\u00f1ala que: \u201cEs importante que los j\u00f3venes investiguen acerca de este tipo de temas en relaci\u00f3n a los humedales y que se instruyan a trav\u00e9s de fotograf\u00edas y videos, para concienciar la preservaci\u00f3n del medio ambiente\u201d.<\/p>\n<p>\u201cMe parece muy interesante aprender a conservar los tesoros que tenemos y este tipo iniciativas que tiene el MAE, refuerzan los conocimientos que como alumnos ya tenemos\u201d enfatiz\u00f3 Thal\u00eda Espinoza Maldonado, alumna del Centro Educativo Ateneo.<\/p>\n<p>Cabe recalcar, que las provincias de Loja y Zamora Chinchipe, cuentan con la declaratoria de dos sitios en la lista Ramsar de humedales de importancia internacional, que adem\u00e1s integran la Reserva de Bi\u00f3sfera Podocarpus-El C\u00f3ndor, estas son:<\/p>\n<p><a href=\"http:\/\/www.ambienteyenergia.gob.ec\/ambiente\/wp-content\/uploads\/2015\/02\/cuadro.png\"><img loading=\"lazy\" decoding=\"async\" class=\"aligncenter size-full wp-image-24231\" src=\"http:\/\/www.ambienteyenergia.gob.ec\/ambiente\/wp-content\/uploads\/2015\/02\/cuadro.png\" alt=\"cuadro\" width=\"597\" height=\"260\" \/><\/a><\/p>\n<p>El Ministerio del Ambiente, como principal Autoridad Ambiental del Ecuador, celebra este tipo de fechas, para incentivar a la poblaci\u00f3n al cuidado ambiental y a la protecci\u00f3n de ecosistemas valiosos del pa\u00eds, como es el caso de los humedales.\u00a0 SJ\/\/MH<\/p>\n<p>&nbsp;<\/p>\n","protected":false},"excerpt":{"rendered":"<p class=\"excerpt\">Desde el pasado 30 de enero, el Ministerio del Ambiente del Ecuador (MAE) conmemor\u00f3 el D\u00eda Mundial de los Humedales en Loja con diversas actividades y la participaci\u00f3n de establecimientos acad\u00e9micos de la localidad y aleda\u00f1os; como por ejemplo la caminata a la Laguna Colorada en el Parque Nacional Yacuri, donde estudiantes del segundo a\u00f1o de bachillerato del Colegio Rosa&hellip; <a href=\"https:\/\/www.ambienteyenergia.gob.ec\/ambiente\/mae-celebro-el-dia-mundial-de-los-humedales-en-loja\/\">Read more &rarr;<\/a><\/p>\n","protected":false},"author":13,"featured_media":23214,"comment_status":"open","ping_status":"open","sticky":false,"template":"","format":"standard","meta":{"footnotes":""},"categories":[16,4],"tags":[],"class_list":["post-24230","post","type-post","status-publish","format-standard","has-post-thumbnail","hentry","category-comunicamos","category-noticias","xfolkentry"],"_links":{"self":[{"href":"https:\/\/www.ambienteyenergia.gob.ec\/ambiente\/wp-json\/wp\/v2\/posts\/24230","targetHints":{"allow":["GET"]}}],"collection":[{"href":"https:\/\/www.ambienteyenergia.gob.ec\/ambiente\/wp-json\/wp\/v2\/posts"}],"about":[{"href":"https:\/\/www.ambienteyenergia.gob.ec\/ambiente\/wp-json\/wp\/v2\/types\/post"}],"author":[{"embeddable":true,"href":"https:\/\/www.ambienteyenergia.gob.ec\/ambiente\/wp-json\/wp\/v2\/users\/13"}],"replies":[{"embeddable":true,"href":"https:\/\/www.ambienteyenergia.gob.ec\/ambiente\/wp-json\/wp\/v2\/comments?post=24230"}],"version-history":[{"count":0,"href":"https:\/\/www.ambienteyenergia.gob.ec\/ambiente\/wp-json\/wp\/v2\/posts\/24230\/revisions"}],"wp:featuredmedia":[{"embeddable":true,"href":"https:\/\/www.ambienteyenergia.gob.ec\/ambiente\/wp-json\/wp\/v2\/media\/23214"}],"wp:attachment":[{"href":"https:\/\/www.ambienteyenergia.gob.ec\/ambiente\/wp-json\/wp\/v2\/media?parent=24230"}],"wp:term":[{"taxonomy":"category","embeddable":true,"href":"https:\/\/www.ambienteyenergia.gob.ec\/ambiente\/wp-json\/wp\/v2\/categories?post=24230"},{"taxonomy":"post_tag","embeddable":true,"href":"https:\/\/www.ambienteyenergia.gob.ec\/ambiente\/wp-json\/wp\/v2\/tags?post=24230"}],"curies":[{"name":"wp","href":"https:\/\/api.w.org\/{rel}","templated":true}]}}