{"id":24221,"date":"2015-02-03T09:54:23","date_gmt":"2015-02-03T14:54:23","guid":{"rendered":"http:\/\/www.ambiente.gob.ec\/?p=24221"},"modified":"2015-02-03T09:54:23","modified_gmt":"2015-02-03T14:54:23","slug":"reserva-ecologica-cotacachi-cayapas-celebro-el-dia-mundial-de-los-humedales-2","status":"publish","type":"post","link":"https:\/\/www.ambienteyenergia.gob.ec\/ambiente\/reserva-ecologica-cotacachi-cayapas-celebro-el-dia-mundial-de-los-humedales-2\/","title":{"rendered":"Reserva Ecol\u00f3gica Cotacachi Cayapas celebr\u00f3 el D\u00eda Mundial de los Humedales"},"content":{"rendered":"<p class=\"western\" style=\"text-align: justify;\"><span style=\"font-family: Calibri, sans-serif;\">Desde 1977 se conmemora el D\u00eda Mundial de los Humedades que se celebra cada 2 de febrero al recordar la firma del Convenio sobre los Humedales en Ramsar, Ir\u00e1n.<\/span><\/p>\n<p class=\"western\" style=\"text-align: justify;\" align=\"justify\"><span style=\"font-family: Calibri, sans-serif;\">Es por tal motivo que el Ministerio del Ambiente de Ecuador (MAE), a trav\u00e9s de la Reserva Ecol\u00f3gica Cotacachi Cayapas Distrito Naranjito realiz\u00f3 una charla de Educaci\u00f3n Ambiental en la Escuela de Educaci\u00f3n B\u00e1sica Santa Marianita de Jes\u00fas.<\/span><\/p>\n<p class=\"western\" style=\"text-align: justify;\" align=\"justify\"><span style=\"font-family: Calibri, sans-serif;\">El humedal es una zona temporal o permanentemente inundada, regulada por factores clim\u00e1ticos y en constante interrelaci\u00f3n con los seres vivos que lo habitan. <\/span><\/p>\n<p class=\"western\" style=\"text-align: justify;\"><span style=\"font-family: Calibri, sans-serif;\">Durante las actividades por este d\u00eda se capacit\u00f3 a los estudiantes sobre la importancia y el valor de conservaci\u00f3n de los humedades, por medio de un recorrido por el sector de la Bocana del r\u00edo Naranjito y Naranjal, humedal en el cual se realiza turismo comunitario por su gran potencial. <\/span><\/p>\n<p class=\"western\" style=\"text-align: justify;\"><span style=\"font-family: Calibri, sans-serif;\">El <\/span><span style=\"font-family: Calibri, sans-serif;\">conveni<\/span><span style=\"font-family: Calibri, sans-serif;\">o<\/span><span style=\"font-family: Calibri, sans-serif;\">firmado en Ir\u00e1n<\/span><span style=\"font-family: Calibri, sans-serif;\"> es el primer tratado en el planeta relativo a la conservaci\u00f3n y el uso racional de los humedales. La lista Ramsar incluye 2 167 sitios designados cubriendo una superficie de 208<\/span><span style=\"font-family: Calibri, sans-serif;\">&#8216;<\/span><span style=\"font-family: Calibri, sans-serif;\">518 409 h<\/span><span style=\"font-family: Calibri, sans-serif;\">ect\u00e1reas distribuidas<\/span><span style=\"font-family: Calibri, sans-serif;\"> en 168 pa\u00edses, <\/span><span style=\"font-family: Calibri, sans-serif;\">de los cuales 18 se encuentran en el Ecuador.\/li-ds<\/span><\/p>\n<p class=\"western\" style=\"text-align: justify;\">\n","protected":false},"excerpt":{"rendered":"<p class=\"excerpt\">Desde 1977 se conmemora el D\u00eda Mundial de los Humedades que se celebra cada 2 de febrero al recordar la firma del Convenio sobre los Humedales en Ramsar, Ir\u00e1n. Es por tal motivo que el Ministerio del Ambiente de Ecuador (MAE), a trav\u00e9s de la Reserva Ecol\u00f3gica Cotacachi Cayapas Distrito Naranjito realiz\u00f3 una charla de Educaci\u00f3n Ambiental en la Escuela&hellip; <a href=\"https:\/\/www.ambienteyenergia.gob.ec\/ambiente\/reserva-ecologica-cotacachi-cayapas-celebro-el-dia-mundial-de-los-humedales-2\/\">Read more &rarr;<\/a><\/p>\n","protected":false},"author":13,"featured_media":23214,"comment_status":"open","ping_status":"open","sticky":false,"template":"","format":"standard","meta":{"footnotes":""},"categories":[16,4],"tags":[],"class_list":["post-24221","post","type-post","status-publish","format-standard","has-post-thumbnail","hentry","category-comunicamos","category-noticias","xfolkentry"],"_links":{"self":[{"href":"https:\/\/www.ambienteyenergia.gob.ec\/ambiente\/wp-json\/wp\/v2\/posts\/24221","targetHints":{"allow":["GET"]}}],"collection":[{"href":"https:\/\/www.ambienteyenergia.gob.ec\/ambiente\/wp-json\/wp\/v2\/posts"}],"about":[{"href":"https:\/\/www.ambienteyenergia.gob.ec\/ambiente\/wp-json\/wp\/v2\/types\/post"}],"author":[{"embeddable":true,"href":"https:\/\/www.ambienteyenergia.gob.ec\/ambiente\/wp-json\/wp\/v2\/users\/13"}],"replies":[{"embeddable":true,"href":"https:\/\/www.ambienteyenergia.gob.ec\/ambiente\/wp-json\/wp\/v2\/comments?post=24221"}],"version-history":[{"count":0,"href":"https:\/\/www.ambienteyenergia.gob.ec\/ambiente\/wp-json\/wp\/v2\/posts\/24221\/revisions"}],"wp:featuredmedia":[{"embeddable":true,"href":"https:\/\/www.ambienteyenergia.gob.ec\/ambiente\/wp-json\/wp\/v2\/media\/23214"}],"wp:attachment":[{"href":"https:\/\/www.ambienteyenergia.gob.ec\/ambiente\/wp-json\/wp\/v2\/media?parent=24221"}],"wp:term":[{"taxonomy":"category","embeddable":true,"href":"https:\/\/www.ambienteyenergia.gob.ec\/ambiente\/wp-json\/wp\/v2\/categories?post=24221"},{"taxonomy":"post_tag","embeddable":true,"href":"https:\/\/www.ambienteyenergia.gob.ec\/ambiente\/wp-json\/wp\/v2\/tags?post=24221"}],"curies":[{"name":"wp","href":"https:\/\/api.w.org\/{rel}","templated":true}]}}