{"id":24215,"date":"2015-02-02T16:55:17","date_gmt":"2015-02-02T21:55:17","guid":{"rendered":"http:\/\/www.ambiente.gob.ec\/?p=24215"},"modified":"2015-02-02T16:55:17","modified_gmt":"2015-02-02T21:55:17","slug":"pilahuin-incorporara-criterios-de-cambio-climatico-en-su-plan-de-desarrollo-y-ordenamiento-territorial","status":"publish","type":"post","link":"https:\/\/www.ambienteyenergia.gob.ec\/ambiente\/pilahuin-incorporara-criterios-de-cambio-climatico-en-su-plan-de-desarrollo-y-ordenamiento-territorial\/","title":{"rendered":"Pilahu\u00edn incorporar\u00e1 criterios de cambio clim\u00e1tico en su Plan de Desarrollo y Ordenamiento Territorial"},"content":{"rendered":"<p class=\"Textbody\" style=\"text-align: justify;\"><span lang=\"ES-EC\">El Ministerio del Ambiente y el Programa de las Naciones Unidas para el Desarrollo (PNUD), a trav\u00e9s del proyecto PACC, capacitaron a aproximadamente 50 representantes de las diferentes comunidades de la parroquia Pilahu\u00edn (Tungurahua) que conforman el Consejo de Planificaci\u00f3n que apoyar\u00e1 en la elaboraci\u00f3n del Plan de Desarrollo y Ordenamiento Territorial (PDyOT) de la parroquia.<\/p>\n<p>El Gobierno Parroquial de Pilahu\u00edn realiz\u00f3 una invitaci\u00f3n a la Subsecretaria de Cambio Clim\u00e1tico del MAE, y a la Secretar\u00eda Nacional de Planificaci\u00f3n y Desarrollo (SENPLADES) para apoyar en el primer taller para la construcci\u00f3n de los PDyOT.<\/span><\/p>\n<p class=\"Textbody\" style=\"text-align: justify;\"><span lang=\"ES-EC\">Los objetivos del taller fueron: conocer c\u00f3mo proceder durante el proceso de recopilaci\u00f3n de informaci\u00f3n y socializar el organigrama de Consejo de Planificaci\u00f3n de la parroquia.<\/p>\n<p>Diego Quishpe, coordinador del proyecto PACC, dio una charla explicativa para resaltar la importancia de incluir los criterios de cambio clim\u00e1tico en los PDyOT.<\/span><\/p>\n<p class=\"Textbody\" style=\"text-align: justify;\"><span lang=\"ES-EC\">Adicionalmente se comparti\u00f3 las experiencias desarrolladas en territorio y los resultados alcanzados durante la implementaci\u00f3n de medidas de adaptaci\u00f3n al cambio clim\u00e1tico.<\/span><\/p>\n<p class=\"Textbody\" style=\"text-align: justify;\">\n<p class=\"Textbody\" style=\"text-align: justify;\"><span lang=\"ES-EC\">\/ss-ds<\/span><\/p>\n<p class=\"Standard\" style=\"text-align: justify;\"><span lang=\"ES-EC\">\u00a0<\/span><\/p>\n","protected":false},"excerpt":{"rendered":"<p class=\"excerpt\">El Ministerio del Ambiente y el Programa de las Naciones Unidas para el Desarrollo (PNUD), a trav\u00e9s del proyecto PACC, capacitaron a aproximadamente 50 representantes de las diferentes comunidades de la parroquia Pilahu\u00edn (Tungurahua) que conforman el Consejo de Planificaci\u00f3n que apoyar\u00e1 en la elaboraci\u00f3n del Plan de Desarrollo y Ordenamiento Territorial (PDyOT) de la parroquia. El Gobierno Parroquial de&hellip; <a href=\"https:\/\/www.ambienteyenergia.gob.ec\/ambiente\/pilahuin-incorporara-criterios-de-cambio-climatico-en-su-plan-de-desarrollo-y-ordenamiento-territorial\/\">Read more &rarr;<\/a><\/p>\n","protected":false},"author":13,"featured_media":0,"comment_status":"open","ping_status":"open","sticky":false,"template":"","format":"standard","meta":{"footnotes":""},"categories":[16,4],"tags":[387],"class_list":["post-24215","post","type-post","status-publish","format-standard","hentry","category-comunicamos","category-noticias","tag-mae-lorena-tapia","xfolkentry"],"_links":{"self":[{"href":"https:\/\/www.ambienteyenergia.gob.ec\/ambiente\/wp-json\/wp\/v2\/posts\/24215","targetHints":{"allow":["GET"]}}],"collection":[{"href":"https:\/\/www.ambienteyenergia.gob.ec\/ambiente\/wp-json\/wp\/v2\/posts"}],"about":[{"href":"https:\/\/www.ambienteyenergia.gob.ec\/ambiente\/wp-json\/wp\/v2\/types\/post"}],"author":[{"embeddable":true,"href":"https:\/\/www.ambienteyenergia.gob.ec\/ambiente\/wp-json\/wp\/v2\/users\/13"}],"replies":[{"embeddable":true,"href":"https:\/\/www.ambienteyenergia.gob.ec\/ambiente\/wp-json\/wp\/v2\/comments?post=24215"}],"version-history":[{"count":0,"href":"https:\/\/www.ambienteyenergia.gob.ec\/ambiente\/wp-json\/wp\/v2\/posts\/24215\/revisions"}],"wp:attachment":[{"href":"https:\/\/www.ambienteyenergia.gob.ec\/ambiente\/wp-json\/wp\/v2\/media?parent=24215"}],"wp:term":[{"taxonomy":"category","embeddable":true,"href":"https:\/\/www.ambienteyenergia.gob.ec\/ambiente\/wp-json\/wp\/v2\/categories?post=24215"},{"taxonomy":"post_tag","embeddable":true,"href":"https:\/\/www.ambienteyenergia.gob.ec\/ambiente\/wp-json\/wp\/v2\/tags?post=24215"}],"curies":[{"name":"wp","href":"https:\/\/api.w.org\/{rel}","templated":true}]}}