{"id":24212,"date":"2015-02-02T16:53:19","date_gmt":"2015-02-02T21:53:19","guid":{"rendered":"http:\/\/www.ambiente.gob.ec\/?p=24212"},"modified":"2015-02-02T16:53:33","modified_gmt":"2015-02-02T21:53:33","slug":"estudiantes-se-capacitaron-en-temas-de-cambio-climatico","status":"publish","type":"post","link":"https:\/\/www.ambienteyenergia.gob.ec\/ambiente\/estudiantes-se-capacitaron-en-temas-de-cambio-climatico\/","title":{"rendered":"Estudiantes se capacitaron en temas de cambio clim\u00e1tico"},"content":{"rendered":"<p class=\"Textbody\" style=\"text-align: justify;\"><span lang=\"ES-EC\">El Ministerio del Ambiente y el Programa de las Naciones Unidas para el Desarrollo (PNUD), a trav\u00e9s del proyecto PACC, capacitaron a estudiantes de octavo y noveno semestres de la Facultad de Geolog\u00eda, Minas y Petr\u00f3leos de la Universidad Central del Ecuador en temas de cambio clim\u00e1tico, la conferencia fue dictada por Diego Quishpe, coordinador del proyecto PACC.<\/span><\/p>\n<p class=\"Textbody\" style=\"text-align: justify;\"><span lang=\"ES-EC\">Durante la conferencia, se analizaron temas de inter\u00e9s como: la importancia de la conservaci\u00f3n del recurso h\u00eddrico, la adaptaci\u00f3n al cambio clim\u00e1tico e hidrogeolog\u00eda, entre otros. Por medio de estos espacios, la Subsecretar\u00eda de Cambio Clim\u00e1tico pretende incentivar a los estudiantes para que realicen sus tesis de grado en temas de investigaci\u00f3n en temas ambientales y que \u00e9stos constituyan un aporte para el pa\u00eds.<\/span><\/p>\n<p class=\"Textbody\" style=\"text-align: justify;\"><span lang=\"ES-EC\">El proyecto de Adaptaci\u00f3n al Cambio Clim\u00e1tico a trav\u00e9s de una efectiva gobernabilidad del agua en el pa\u00eds\u00a0comenz\u00f3 en octubre de 2008 con el objetivo de disminuir la vulnerabilidad de Ecuador al cambio clim\u00e1tico, a trav\u00e9s del manejo eficiente de recursos h\u00eddricos orientado en la incorporaci\u00f3n de consideraciones sobre adaptaci\u00f3n al cambio clim\u00e1tico en las diferentes pr\u00e1cticas para la gesti\u00f3n y el manejo h\u00eddrico en el Ecuador.<\/span><\/p>\n<p class=\"Textbody\" style=\"text-align: justify;\"><span lang=\"ES-EC\">Los resultados del proyecto son: Integrar el riesgo de cambio clim\u00e1tico en los planes y programas claves para el sector h\u00eddrico; Implementar estrategias y medidas que faciliten la adaptaci\u00f3n al cambio clim\u00e1tico en el manejo del agua y fortalecer las capacidades institucionales y humanas.<\/span><\/p>\n<p class=\"Textbody\" style=\"text-align: justify;\"><b><span lang=\"ES-EC\">\u00c1rea de intervenci\u00f3n del proyecto: <\/span><\/b><span lang=\"ES-EC\">20 proyectos distribuidos en las provincias de Los R\u00edos, Bol\u00edvar, Manab\u00ed, Loja, Azuay, Ca\u00f1ar, El Oro y Morona Santiago.<\/span><\/p>\n<p class=\"Textbody\" style=\"text-align: justify;\"><span lang=\"ES-EC\">\/ss-ds<\/span><\/p>\n<p class=\"Standard\"><span lang=\"ES-EC\">\u00a0<\/span><\/p>\n","protected":false},"excerpt":{"rendered":"<p class=\"excerpt\">El Ministerio del Ambiente y el Programa de las Naciones Unidas para el Desarrollo (PNUD), a trav\u00e9s del proyecto PACC, capacitaron a estudiantes de octavo y noveno semestres de la Facultad de Geolog\u00eda, Minas y Petr\u00f3leos de la Universidad Central del Ecuador en temas de cambio clim\u00e1tico, la conferencia fue dictada por Diego Quishpe, coordinador del proyecto PACC. Durante la&hellip; <a href=\"https:\/\/www.ambienteyenergia.gob.ec\/ambiente\/estudiantes-se-capacitaron-en-temas-de-cambio-climatico\/\">Read more &rarr;<\/a><\/p>\n","protected":false},"author":13,"featured_media":0,"comment_status":"open","ping_status":"open","sticky":false,"template":"","format":"standard","meta":{"footnotes":""},"categories":[16,4],"tags":[387],"class_list":["post-24212","post","type-post","status-publish","format-standard","hentry","category-comunicamos","category-noticias","tag-mae-lorena-tapia","xfolkentry"],"_links":{"self":[{"href":"https:\/\/www.ambienteyenergia.gob.ec\/ambiente\/wp-json\/wp\/v2\/posts\/24212","targetHints":{"allow":["GET"]}}],"collection":[{"href":"https:\/\/www.ambienteyenergia.gob.ec\/ambiente\/wp-json\/wp\/v2\/posts"}],"about":[{"href":"https:\/\/www.ambienteyenergia.gob.ec\/ambiente\/wp-json\/wp\/v2\/types\/post"}],"author":[{"embeddable":true,"href":"https:\/\/www.ambienteyenergia.gob.ec\/ambiente\/wp-json\/wp\/v2\/users\/13"}],"replies":[{"embeddable":true,"href":"https:\/\/www.ambienteyenergia.gob.ec\/ambiente\/wp-json\/wp\/v2\/comments?post=24212"}],"version-history":[{"count":0,"href":"https:\/\/www.ambienteyenergia.gob.ec\/ambiente\/wp-json\/wp\/v2\/posts\/24212\/revisions"}],"wp:attachment":[{"href":"https:\/\/www.ambienteyenergia.gob.ec\/ambiente\/wp-json\/wp\/v2\/media?parent=24212"}],"wp:term":[{"taxonomy":"category","embeddable":true,"href":"https:\/\/www.ambienteyenergia.gob.ec\/ambiente\/wp-json\/wp\/v2\/categories?post=24212"},{"taxonomy":"post_tag","embeddable":true,"href":"https:\/\/www.ambienteyenergia.gob.ec\/ambiente\/wp-json\/wp\/v2\/tags?post=24212"}],"curies":[{"name":"wp","href":"https:\/\/api.w.org\/{rel}","templated":true}]}}