{"id":24204,"date":"2015-02-02T13:25:11","date_gmt":"2015-02-02T18:25:11","guid":{"rendered":"http:\/\/www.ambiente.gob.ec\/?p=24204"},"modified":"2015-02-03T14:14:46","modified_gmt":"2015-02-03T19:14:46","slug":"dia-de-los-humedales-galapagos","status":"publish","type":"post","link":"https:\/\/www.ambienteyenergia.gob.ec\/ambiente\/dia-de-los-humedales-galapagos\/","title":{"rendered":"D\u00eda de los Humedales &#8211; Gal\u00e1pagos"},"content":{"rendered":"<p style=\"text-align: justify;\"><span style=\"color: #000000;\">El D\u00eda Mundial de los Humedales se considera como un evento internacional, porque estos espacios son el lugar de vida para una enorme biodiversidad. Se los considera como una planta natural de depuraci\u00f3n ambiental, zonas de control de contaminaci\u00f3n, inmensos filtros y hasta barreras contra tsunamis. Hablar de ello significa pensar en los m\u00faltiples servicios ambientales que este ecosistema ofrece, especialmente la generaci\u00f3n de agua y ox\u00edgeno.<\/span><span style=\"color: #000000;\">\u00a0<\/span><br style=\"color: #000000;\" \/><br style=\"color: #000000;\" \/><span style=\"color: #000000;\">La Convenci\u00f3n de Ramsar, creada en 1971 y que acoge a 168 pa\u00edses signatarios cre\u00f3 un marco legal y t\u00e9cnico para regular y usar racionalmente estos espacios naturales costeros y de monta\u00f1a.<\/span><span style=\"color: #000000;\">\u00a0\u00a0<\/span><br style=\"color: #000000;\" \/><span style=\"color: #000000;\">\u00a0\u00a0 \u00a0\u00a0<\/span><br style=\"color: #000000;\" \/><span style=\"color: #000000;\">Ramsar ya ha reconocido a 2.186 humedales en todo el mundo, que en conjunto har\u00edan un territorio de 208,5 millones de hect\u00e1reas. Un poco m\u00e1s de 10 veces el territorio ecuatoriano.<\/span><br style=\"color: #000000;\" \/><br style=\"color: #000000;\" \/><span style=\"color: #000000;\">Los humedales del Sur de Isabela, en las islas Gal\u00e1pagos, fueron reconocidos como Sitio de Importancia Internacinal Ramsar, en septiembre de 2002. Uno de los criterios fundamentales por lo que fueron incluidos en esta prestigiosa lista, es que albergan a casi el 90 por ciento de la subespecie end\u00e9mica de flamencos; adem\u00e1s de sustentar especies vulnerables o en peligro como el patillo, tero real, ostrero, gallinula, cangrejo fantasma y cangrejo violinista, y poseer especies importantes para mantener la diversidad biol\u00f3gica, entre otros.<\/span><br style=\"color: #000000;\" \/><br style=\"color: #000000;\" \/><span style=\"color: #000000;\">El sitio de visita \u201cLos Humedales\u201d, es un complejo de senderos que comprende miradores como el Cerro Orchilla, Los Tunos y Poza Verde; tambi\u00e9n los senderos: el Estero, Poza Escondida, Poza Redonda, el T\u00fanel del Estero, la Playa del Amor y la Playita. Los atractivos principales de estos sitios es la variedad de flora y fauna que se puede observar.<\/span><span style=\"color: #000000;\">\u00a0<\/span><br style=\"color: #000000;\" \/><br style=\"color: #000000;\" \/><span style=\"color: #000000;\">Los Humedales del Sur de Isabela cuentan con numerosas especies end\u00e9micas como: Ping\u00fcino de Gal\u00e1pagos, lobo marino de un pelo, garza de lava, gaviota de lava, iguana marina, erizo verde de Gal\u00e1pagos, el pepino de\u00a0<\/span><span id=\"OBJ_PREFIX_DWT496_com_zimbra_date\" class=\"Object\" style=\"color: #00008b;\"><span id=\"OBJ_PREFIX_DWT497_com_zimbra_date\" class=\"Object\" style=\"color: #00008b;\">mar<\/span><\/span><span style=\"color: #000000;\">. Tienen caracter\u00edsticas paisaj\u00edsticas \u00fanicas por la presencia de manglares formados por mangle rojo, mangle negro, mangle blanco y mangle bot\u00f3n, junto a especies end\u00e9micas de cactus como el candelabro y la tuna.<\/span><br style=\"color: #000000;\" \/><br style=\"color: #000000;\" \/><span style=\"color: #000000;\">Espacios de alto valor ecol\u00f3gico como \u00e9stos, sumado a la mansedumbre de especies de flora y fauna \u00fanicas en el mundo, hacen de Gal\u00e1pagos un sitio excepcional, que este a\u00f1o compite por covertirse en el mejor lugar para la vida silvestre, en un concurso internacional organizado por el peri\u00f3dico USA Today.<\/span><span style=\"color: #000000;\">\u00a0<\/span><\/p>\n","protected":false},"excerpt":{"rendered":"<p class=\"excerpt\">El D\u00eda Mundial de los Humedales se considera como un evento internacional, porque estos espacios son el lugar de vida para una enorme biodiversidad. Se los considera como una planta natural de depuraci\u00f3n ambiental, zonas de control de contaminaci\u00f3n, inmensos filtros y hasta barreras contra tsunamis. Hablar de ello significa pensar en los m\u00faltiples servicios ambientales que este ecosistema ofrece,&hellip; <a href=\"https:\/\/www.ambienteyenergia.gob.ec\/ambiente\/dia-de-los-humedales-galapagos\/\">Read more &rarr;<\/a><\/p>\n","protected":false},"author":13,"featured_media":0,"comment_status":"open","ping_status":"open","sticky":false,"template":"","format":"standard","meta":{"footnotes":""},"categories":[16,4,1],"tags":[56],"class_list":["post-24204","post","type-post","status-publish","format-standard","hentry","category-comunicamos","category-noticias","category-sin-categoria","tag-galapagos","xfolkentry"],"_links":{"self":[{"href":"https:\/\/www.ambienteyenergia.gob.ec\/ambiente\/wp-json\/wp\/v2\/posts\/24204","targetHints":{"allow":["GET"]}}],"collection":[{"href":"https:\/\/www.ambienteyenergia.gob.ec\/ambiente\/wp-json\/wp\/v2\/posts"}],"about":[{"href":"https:\/\/www.ambienteyenergia.gob.ec\/ambiente\/wp-json\/wp\/v2\/types\/post"}],"author":[{"embeddable":true,"href":"https:\/\/www.ambienteyenergia.gob.ec\/ambiente\/wp-json\/wp\/v2\/users\/13"}],"replies":[{"embeddable":true,"href":"https:\/\/www.ambienteyenergia.gob.ec\/ambiente\/wp-json\/wp\/v2\/comments?post=24204"}],"version-history":[{"count":0,"href":"https:\/\/www.ambienteyenergia.gob.ec\/ambiente\/wp-json\/wp\/v2\/posts\/24204\/revisions"}],"wp:attachment":[{"href":"https:\/\/www.ambienteyenergia.gob.ec\/ambiente\/wp-json\/wp\/v2\/media?parent=24204"}],"wp:term":[{"taxonomy":"category","embeddable":true,"href":"https:\/\/www.ambienteyenergia.gob.ec\/ambiente\/wp-json\/wp\/v2\/categories?post=24204"},{"taxonomy":"post_tag","embeddable":true,"href":"https:\/\/www.ambienteyenergia.gob.ec\/ambiente\/wp-json\/wp\/v2\/tags?post=24204"}],"curies":[{"name":"wp","href":"https:\/\/api.w.org\/{rel}","templated":true}]}}