{"id":24199,"date":"2015-01-30T18:01:12","date_gmt":"2015-01-30T23:01:12","guid":{"rendered":"http:\/\/www.ambiente.gob.ec\/?p=24199"},"modified":"2015-02-02T09:02:53","modified_gmt":"2015-02-02T14:02:53","slug":"200-arboles-se-plantaron-en-las-laderas-de-nayon","status":"publish","type":"post","link":"https:\/\/www.ambienteyenergia.gob.ec\/ambiente\/200-arboles-se-plantaron-en-las-laderas-de-nayon\/","title":{"rendered":"200 \u00e1rboles se plantaron en las laderas de Nay\u00f3n"},"content":{"rendered":"<p style=\"margin-bottom: 0cm; font-weight: normal;\" align=\"JUSTIFY\">En conmemoraci\u00f3n del D\u00eda Mundial de la Educaci\u00f3n Ambiental, celebrado cada 26 de enero, el Ministerio del Ambiente de Ecuador (MAE) junto con 70 estudiantes de la Unidad Educativa 11 de febrero realiz\u00f3 la plantaci\u00f3n de varias especies arb\u00f3reas en la ladera de Nay\u00f3n.<\/p>\n<p style=\"margin-bottom: 0cm; font-weight: normal;\" align=\"JUSTIFY\">Con la participaci\u00f3n de estudiantes de 1\u00b0 y 2\u00b0 de Bachillerato se logr\u00f3 reforestar la zona con 200 \u00e1rboles de las especies polilepis, arrayan, aliso, entre otros, con lo cual concluyeron las actividades programadas por esta Cartera de Estado, misma que se realizaron a nivel nacional.<\/p>\n<p style=\"margin-bottom: 0cm; font-weight: normal;\" align=\"JUSTIFY\">Durante una semana Nay\u00f3n acogi\u00f3 varios eventos de educaci\u00f3n ambiental y socializaci\u00f3n con la participaci\u00f3n activa de ni\u00f1as, ni\u00f1os, j\u00f3venes y adultos que fomentaron la protecci\u00f3n y la conservaci\u00f3n de nuestro patrimonio natural.<\/p>\n<p style=\"margin-bottom: 0cm; font-weight: normal;\" align=\"JUSTIFY\">La Educaci\u00f3n Ambiental es una herramienta que tiene como objetivo generar conciencia sobre la importancia del ambiente y promover en la ciudadan\u00eda el desarrollo de valores y nuevas actitudes que contribuyan a la soluci\u00f3n de los problemas ambientales que enfrentamos en la actualidad.\/ds<\/p>\n","protected":false},"excerpt":{"rendered":"<p class=\"excerpt\">En conmemoraci\u00f3n del D\u00eda Mundial de la Educaci\u00f3n Ambiental, celebrado cada 26 de enero, el Ministerio del Ambiente de Ecuador (MAE) junto con 70 estudiantes de la Unidad Educativa 11 de febrero realiz\u00f3 la plantaci\u00f3n de varias especies arb\u00f3reas en la ladera de Nay\u00f3n. Con la participaci\u00f3n de estudiantes de 1\u00b0 y 2\u00b0 de Bachillerato se logr\u00f3 reforestar la zona&hellip; <a href=\"https:\/\/www.ambienteyenergia.gob.ec\/ambiente\/200-arboles-se-plantaron-en-las-laderas-de-nayon\/\">Read more &rarr;<\/a><\/p>\n","protected":false},"author":13,"featured_media":22752,"comment_status":"open","ping_status":"open","sticky":false,"template":"","format":"standard","meta":{"footnotes":""},"categories":[16,4],"tags":[],"class_list":["post-24199","post","type-post","status-publish","format-standard","has-post-thumbnail","hentry","category-comunicamos","category-noticias","xfolkentry"],"_links":{"self":[{"href":"https:\/\/www.ambienteyenergia.gob.ec\/ambiente\/wp-json\/wp\/v2\/posts\/24199","targetHints":{"allow":["GET"]}}],"collection":[{"href":"https:\/\/www.ambienteyenergia.gob.ec\/ambiente\/wp-json\/wp\/v2\/posts"}],"about":[{"href":"https:\/\/www.ambienteyenergia.gob.ec\/ambiente\/wp-json\/wp\/v2\/types\/post"}],"author":[{"embeddable":true,"href":"https:\/\/www.ambienteyenergia.gob.ec\/ambiente\/wp-json\/wp\/v2\/users\/13"}],"replies":[{"embeddable":true,"href":"https:\/\/www.ambienteyenergia.gob.ec\/ambiente\/wp-json\/wp\/v2\/comments?post=24199"}],"version-history":[{"count":0,"href":"https:\/\/www.ambienteyenergia.gob.ec\/ambiente\/wp-json\/wp\/v2\/posts\/24199\/revisions"}],"wp:featuredmedia":[{"embeddable":true,"href":"https:\/\/www.ambienteyenergia.gob.ec\/ambiente\/wp-json\/wp\/v2\/media\/22752"}],"wp:attachment":[{"href":"https:\/\/www.ambienteyenergia.gob.ec\/ambiente\/wp-json\/wp\/v2\/media?parent=24199"}],"wp:term":[{"taxonomy":"category","embeddable":true,"href":"https:\/\/www.ambienteyenergia.gob.ec\/ambiente\/wp-json\/wp\/v2\/categories?post=24199"},{"taxonomy":"post_tag","embeddable":true,"href":"https:\/\/www.ambienteyenergia.gob.ec\/ambiente\/wp-json\/wp\/v2\/tags?post=24199"}],"curies":[{"name":"wp","href":"https:\/\/api.w.org\/{rel}","templated":true}]}}