{"id":24196,"date":"2015-02-02T09:00:02","date_gmt":"2015-02-02T14:00:02","guid":{"rendered":"http:\/\/www.ambiente.gob.ec\/?p=24196"},"modified":"2015-02-02T09:00:02","modified_gmt":"2015-02-02T14:00:02","slug":"mae-realiza-jornada-de-reforestacion-en-el-humedal-la-tembladera-en-santa-rosa","status":"publish","type":"post","link":"https:\/\/www.ambienteyenergia.gob.ec\/ambiente\/mae-realiza-jornada-de-reforestacion-en-el-humedal-la-tembladera-en-santa-rosa\/","title":{"rendered":"MAE realiza jornada de Reforestaci\u00f3n en el Humedal La Tembladera en Santa Rosa"},"content":{"rendered":"<p dir=\"ltr\" style=\"text-align: justify;\">El Ministerio del Ambiente del Ecuador (MAE) conjuntamente con el Gobierno Provincial Aut\u00f3nomo de El Oro y la comunidad, llevaron adelante una gran jornada de reforestaci\u00f3n en la zona del Humedal La Tembladera, ubicado en la v\u00eda Santa Rosa-Huaquillas, con el objetivo de sensibilizar a la ciudadan\u00eda sobre la importancia de conservar estos ecosistemas y recobrar la cobertura vegetal que en sus inicios ten\u00eda este humedal.<\/p>\n<p dir=\"ltr\" style=\"text-align: justify;\">La existencia de los humedales favorece a la mitigaci\u00f3n de las inundaciones y de la erosi\u00f3n costera, juegan un papel fundamental en los ciclos de la materia y en la calidad de las aguas, y constituyen h\u00e1bitats claves para varias especies nativas y migratorias.<\/p>\n<p dir=\"ltr\" style=\"text-align: justify;\">Esta actividad se realiz\u00f3 en el marco del D\u00eda Mundial de los Humedales que se celebra el <span id=\"OBJ_PREFIX_DWT425_com_zimbra_date\" class=\"Object\">2 de febrero<\/span> de cada a\u00f1o; y cont\u00f3 con la participaci\u00f3n de estudiantes de diferentes instituciones entre ellas la Universidad de El Oro, delegados de Gobiernos locales y comunidad en general.<\/p>\n<p dir=\"ltr\" style=\"text-align: justify;\">En total se sembraron 500 plantas nativas, entre cedro (cedrela odorata), fern\u00e1n <span id=\"OBJ_PREFIX_DWT426_com_zimbra_date\" class=\"Object\">s\u00e1<\/span>nchez (triplaris cumingiana) y algarrobo (cera tibia siliqua).<\/p>\n<p dir=\"ltr\" style=\"text-align: justify;\">\u00abDentro del Proyecto de Sostenibilidad Financiera, tenemos pensado reforestar al menos 200 hect\u00e1reas en los alrededores de este lugar. La pr\u00f3xima reforestaci\u00f3n la realizaremos a mediados del mes de febrero, con la siembra de aproximadamente 10 000 plantas\u00bb se\u00f1al\u00f3 Leonardo Porras, Director t\u00e9cnico de campo del Proyecto de Sostenibilidad Financiera.<\/p>\n<p dir=\"ltr\" style=\"text-align: justify;\">La reforestaci\u00f3n en el Humbedal La Tembladera inici\u00f3 a peque\u00f1a escala en el a\u00f1o 2012, a trav\u00e9s del Proyecto de Sostenibilidad Financiera en miras de alcanzar la sostenibilidad en el humedal; el proyecto no solo abarca el proceso de reforestaci\u00f3n, sino tambi\u00e9n la potencializaci\u00f3n del turismo y la recuperaci\u00f3n del pez vieja azul para la producci\u00f3n y comercializaci\u00f3n de este pez, con el fin de mejorar el estilo de vida de los pobladores del sector.<\/p>\n<p dir=\"ltr\" style=\"text-align: justify;\">De esta forma el Ministerio del Ambiente contin\u00faa fortaleciendo su compromiso de construir un Ecuador m\u00e1s Verde. \/\/MH<\/p>\n<p dir=\"ltr\" style=\"text-align: justify;\"><strong>El Dato<\/strong><br \/>\nLa laguna La Tembladera tiene una superficie de 1.471.19 hect\u00e1reas; mientras que el espejo de agua es de 104 hect\u00e1reas.<\/p>\n<p style=\"text-align: justify;\">La Direcci\u00f3n Provincial del Ambiente El Oro declar\u00f3 a la laguna La Tembladera como un Humedal de importancia internacional Ramsar, el <span id=\"OBJ_PREFIX_DWT427_com_zimbra_date\" class=\"Object\">7 de enero<\/span> del 2012.<\/p>\n","protected":false},"excerpt":{"rendered":"<p class=\"excerpt\">El Ministerio del Ambiente del Ecuador (MAE) conjuntamente con el Gobierno Provincial Aut\u00f3nomo de El Oro y la comunidad, llevaron adelante una gran jornada de reforestaci\u00f3n en la zona del Humedal La Tembladera, ubicado en la v\u00eda Santa Rosa-Huaquillas, con el objetivo de sensibilizar a la ciudadan\u00eda sobre la importancia de conservar estos ecosistemas y recobrar la cobertura vegetal que&hellip; <a href=\"https:\/\/www.ambienteyenergia.gob.ec\/ambiente\/mae-realiza-jornada-de-reforestacion-en-el-humedal-la-tembladera-en-santa-rosa\/\">Read more &rarr;<\/a><\/p>\n","protected":false},"author":13,"featured_media":24197,"comment_status":"open","ping_status":"open","sticky":false,"template":"","format":"standard","meta":{"footnotes":""},"categories":[16,4],"tags":[],"class_list":["post-24196","post","type-post","status-publish","format-standard","has-post-thumbnail","hentry","category-comunicamos","category-noticias","xfolkentry"],"_links":{"self":[{"href":"https:\/\/www.ambienteyenergia.gob.ec\/ambiente\/wp-json\/wp\/v2\/posts\/24196","targetHints":{"allow":["GET"]}}],"collection":[{"href":"https:\/\/www.ambienteyenergia.gob.ec\/ambiente\/wp-json\/wp\/v2\/posts"}],"about":[{"href":"https:\/\/www.ambienteyenergia.gob.ec\/ambiente\/wp-json\/wp\/v2\/types\/post"}],"author":[{"embeddable":true,"href":"https:\/\/www.ambienteyenergia.gob.ec\/ambiente\/wp-json\/wp\/v2\/users\/13"}],"replies":[{"embeddable":true,"href":"https:\/\/www.ambienteyenergia.gob.ec\/ambiente\/wp-json\/wp\/v2\/comments?post=24196"}],"version-history":[{"count":0,"href":"https:\/\/www.ambienteyenergia.gob.ec\/ambiente\/wp-json\/wp\/v2\/posts\/24196\/revisions"}],"wp:featuredmedia":[{"embeddable":true,"href":"https:\/\/www.ambienteyenergia.gob.ec\/ambiente\/wp-json\/wp\/v2\/media\/24197"}],"wp:attachment":[{"href":"https:\/\/www.ambienteyenergia.gob.ec\/ambiente\/wp-json\/wp\/v2\/media?parent=24196"}],"wp:term":[{"taxonomy":"category","embeddable":true,"href":"https:\/\/www.ambienteyenergia.gob.ec\/ambiente\/wp-json\/wp\/v2\/categories?post=24196"},{"taxonomy":"post_tag","embeddable":true,"href":"https:\/\/www.ambienteyenergia.gob.ec\/ambiente\/wp-json\/wp\/v2\/tags?post=24196"}],"curies":[{"name":"wp","href":"https:\/\/api.w.org\/{rel}","templated":true}]}}