{"id":24193,"date":"2015-01-31T15:44:26","date_gmt":"2015-01-31T20:44:26","guid":{"rendered":"http:\/\/www.ambiente.gob.ec\/?p=24193"},"modified":"2015-02-01T10:47:47","modified_gmt":"2015-02-01T15:47:47","slug":"convocatoria","status":"publish","type":"post","link":"https:\/\/www.ambienteyenergia.gob.ec\/ambiente\/convocatoria\/","title":{"rendered":"Convocatoria"},"content":{"rendered":"<p style=\"text-align: justify;\">El Ministerio de Ambiente a trav\u00e9s de la Direcci\u00f3n Provincial del Ambiente de Chimborazo en base al Acuerdo Ministerial No. 025 numeral 9, en concordancia con el Acuerdo Ministerial No. 158 del 05 de Junio del 2014 y seg\u00fan lo establecido en el Art. 179 del Libro III del Texto \u00danico de Legislaci\u00f3n Ambiental Secundaria del Ministerio del Ambiente; convoca a las personas naturales y jur\u00eddicas a participar en el proceso de concesi\u00f3n de los Refugios Carrel y Wymper, y del Bar \u2013 Cafeter\u00eda que se encuentran dentro del \u00e1rea protegida Reserva de Producci\u00f3n de Fauna Chimborazo, ubicados en el Cant\u00f3n Riobamba de la Provincia de Chimborazo. <strong>Cabe recalcar que la oferta incluye la concesi\u00f3n de las tres infraestructuras al mismo oferente que resultare ganador.<\/strong><\/p>\n<p style=\"text-align: justify;\">Los interesados deber\u00e1n presentar su oferta en sobre cerrado, en las oficinas de la Direcci\u00f3n Provincial del Ambiente de Chimborazo ubicada en la Av. 9 de Octubre y Duchicela, predios del MAGAP, junto a la Quinta Macaji, hasta las 17H00 del d\u00eda 09 de febrero de 2015.<\/p>\n<p style=\"text-align: justify;\">Las bases del proceso de concesi\u00f3n se podr\u00e1n revisar en la p\u00e1gina web del Ministerio de Ambiente <a href=\"http:\/\/www.ambienteyenergia.gob.ec\/ambiente\">www.ambienteyenergia.gob.ec\/ambiente<\/a>, a partir del viernes 30 de enero de 2015; y\/o retirar de las oficinas de la Direcci\u00f3n Provincial.<\/p>\n<p style=\"text-align: justify;\"><a href=\"http:\/\/www.ambienteyenergia.gob.ec\/ambiente\/wp-content\/uploads\/downloads\/2015\/02\/bases_concesion_refugios_de_chimborazo_y_bar_cafeteria_rpfch.doc\">Archivo Adjunto 1<\/a><\/p>\n<p style=\"text-align: justify;\"><a href=\"http:\/\/www.ambienteyenergia.gob.ec\/ambiente\/wp-content\/uploads\/downloads\/2015\/02\/bases_concesion_refugios_de_chimborazo_y_bar_cafeteria_rpfch.pdf\">Archivo Adjunto 2\u00a0<\/a><\/p>\n<p style=\"text-align: justify;\"><strong>DIRECCI\u00d3N PROVINCIAL DE AMBIENTE CHIMBORAZO<\/strong><\/p>\n","protected":false},"excerpt":{"rendered":"<p class=\"excerpt\">El Ministerio de Ambiente a trav\u00e9s de la Direcci\u00f3n Provincial del Ambiente de Chimborazo en base al Acuerdo Ministerial No. 025 numeral 9, en concordancia con el Acuerdo Ministerial No. 158 del 05 de Junio del 2014 y seg\u00fan lo establecido en el Art. 179 del Libro III del Texto \u00danico de Legislaci\u00f3n Ambiental Secundaria del Ministerio del Ambiente; convoca&hellip; <a href=\"https:\/\/www.ambienteyenergia.gob.ec\/ambiente\/convocatoria\/\">Read more &rarr;<\/a><\/p>\n","protected":false},"author":13,"featured_media":23214,"comment_status":"open","ping_status":"open","sticky":false,"template":"","format":"standard","meta":{"footnotes":""},"categories":[16,4],"tags":[],"class_list":["post-24193","post","type-post","status-publish","format-standard","has-post-thumbnail","hentry","category-comunicamos","category-noticias","xfolkentry"],"_links":{"self":[{"href":"https:\/\/www.ambienteyenergia.gob.ec\/ambiente\/wp-json\/wp\/v2\/posts\/24193","targetHints":{"allow":["GET"]}}],"collection":[{"href":"https:\/\/www.ambienteyenergia.gob.ec\/ambiente\/wp-json\/wp\/v2\/posts"}],"about":[{"href":"https:\/\/www.ambienteyenergia.gob.ec\/ambiente\/wp-json\/wp\/v2\/types\/post"}],"author":[{"embeddable":true,"href":"https:\/\/www.ambienteyenergia.gob.ec\/ambiente\/wp-json\/wp\/v2\/users\/13"}],"replies":[{"embeddable":true,"href":"https:\/\/www.ambienteyenergia.gob.ec\/ambiente\/wp-json\/wp\/v2\/comments?post=24193"}],"version-history":[{"count":0,"href":"https:\/\/www.ambienteyenergia.gob.ec\/ambiente\/wp-json\/wp\/v2\/posts\/24193\/revisions"}],"wp:featuredmedia":[{"embeddable":true,"href":"https:\/\/www.ambienteyenergia.gob.ec\/ambiente\/wp-json\/wp\/v2\/media\/23214"}],"wp:attachment":[{"href":"https:\/\/www.ambienteyenergia.gob.ec\/ambiente\/wp-json\/wp\/v2\/media?parent=24193"}],"wp:term":[{"taxonomy":"category","embeddable":true,"href":"https:\/\/www.ambienteyenergia.gob.ec\/ambiente\/wp-json\/wp\/v2\/categories?post=24193"},{"taxonomy":"post_tag","embeddable":true,"href":"https:\/\/www.ambienteyenergia.gob.ec\/ambiente\/wp-json\/wp\/v2\/tags?post=24193"}],"curies":[{"name":"wp","href":"https:\/\/api.w.org\/{rel}","templated":true}]}}