{"id":24186,"date":"2015-01-30T16:52:36","date_gmt":"2015-01-30T21:52:36","guid":{"rendered":"http:\/\/www.ambiente.gob.ec\/?p=24186"},"modified":"2015-01-30T16:52:36","modified_gmt":"2015-01-30T21:52:36","slug":"mae-refuerza-el-plan-estrategico-de-control-y-vigilancia-en-la-areas-protegidas","status":"publish","type":"post","link":"https:\/\/www.ambienteyenergia.gob.ec\/ambiente\/mae-refuerza-el-plan-estrategico-de-control-y-vigilancia-en-la-areas-protegidas\/","title":{"rendered":"MAE refuerza el Plan Estrat\u00e9gico de Control y Vigilancia en la \u00c1reas Protegidas"},"content":{"rendered":"<p style=\"text-align: justify;\">Con el fin de fortalecer las capacidades del personal de las \u00c1reas Protegidas, el Ministerio del Ambiente del Ecuador (MAE) llev\u00f3 a cabo un Taller sobre Elaboraci\u00f3n de\u00a0 Planes Estrat\u00e9gicos de Control y Vigilancia en las AP; en el Hotel Savoy Inn, en la ciudad de Quito.<\/p>\n<p style=\"text-align: justify;\">\n<p style=\"text-align: justify;\">El taller estuvo a cargo de Stanley Arguedas, Coordinador de la Escuela Latinoamericana de \u00c1reas Protegidas (ELAP) \u2013 Universidad para la Cooperaci\u00f3n Internacional UCI y se bas\u00f3 en una herramienta dise\u00f1ada para mejorar la eficiencia estrat\u00e9gica en las acciones de control y vigilancia en la \u00e1reas Protegidas; dicha herramienta trabaja en funci\u00f3n de lograr algunos resultados claves que permitan atender problemas como: seguridad, asistencia y equipamiento; a trav\u00e9s de una planificaci\u00f3n estrat\u00e9gica.<\/p>\n<p style=\"text-align: justify;\">\n<p style=\"text-align: justify;\">En total participaron personal de 7 \u00c1reas Protegidas del pa\u00eds: La\u00a0 Reserva Marina Galera &#8211; San Francisco, la Reserva de Producci\u00f3n de Fauna Marino-Costera Puntilla de Santa Elena, las Reservas Ecol\u00f3gicas de Los Illinizas, El \u00c1ngel, y Cotacachi-Cayapas; y tambi\u00e9n los Parques Nacionales Llanganates y Sangay; quienes mediante esta capacitaci\u00f3n mejorar\u00e1n sus rutinas de control y vigilancia dentro de su \u00e1rea de trabajo.<\/p>\n<p style=\"text-align: justify;\">\n<p style=\"text-align: justify;\">Por su parte, Stanley Arguedas, Coordinador T\u00e9cnico de la Escuela Latinoamerica de \u00c1reas Protegidas, expres\u00f3 su positivismo ante las actividades que esta realizando el Ministerio del Ambiente, en miras a la conservaci\u00f3n y protecci\u00f3n del medio ambiente ofreciendo est\u00e1ndares de calidad y apostando por el fortalecimiento de las AP, dentro de la construcci\u00f3n de un Ecuador m\u00e1s Verde. \/\/ MHC \/MH<\/p>\n","protected":false},"excerpt":{"rendered":"<p class=\"excerpt\">Con el fin de fortalecer las capacidades del personal de las \u00c1reas Protegidas, el Ministerio del Ambiente del Ecuador (MAE) llev\u00f3 a cabo un Taller sobre Elaboraci\u00f3n de\u00a0 Planes Estrat\u00e9gicos de Control y Vigilancia en las AP; en el Hotel Savoy Inn, en la ciudad de Quito. El taller estuvo a cargo de Stanley Arguedas, Coordinador de la Escuela Latinoamericana&hellip; <a href=\"https:\/\/www.ambienteyenergia.gob.ec\/ambiente\/mae-refuerza-el-plan-estrategico-de-control-y-vigilancia-en-la-areas-protegidas\/\">Read more &rarr;<\/a><\/p>\n","protected":false},"author":13,"featured_media":23214,"comment_status":"open","ping_status":"open","sticky":false,"template":"","format":"standard","meta":{"footnotes":""},"categories":[16,4],"tags":[],"class_list":["post-24186","post","type-post","status-publish","format-standard","has-post-thumbnail","hentry","category-comunicamos","category-noticias","xfolkentry"],"_links":{"self":[{"href":"https:\/\/www.ambienteyenergia.gob.ec\/ambiente\/wp-json\/wp\/v2\/posts\/24186","targetHints":{"allow":["GET"]}}],"collection":[{"href":"https:\/\/www.ambienteyenergia.gob.ec\/ambiente\/wp-json\/wp\/v2\/posts"}],"about":[{"href":"https:\/\/www.ambienteyenergia.gob.ec\/ambiente\/wp-json\/wp\/v2\/types\/post"}],"author":[{"embeddable":true,"href":"https:\/\/www.ambienteyenergia.gob.ec\/ambiente\/wp-json\/wp\/v2\/users\/13"}],"replies":[{"embeddable":true,"href":"https:\/\/www.ambienteyenergia.gob.ec\/ambiente\/wp-json\/wp\/v2\/comments?post=24186"}],"version-history":[{"count":0,"href":"https:\/\/www.ambienteyenergia.gob.ec\/ambiente\/wp-json\/wp\/v2\/posts\/24186\/revisions"}],"wp:featuredmedia":[{"embeddable":true,"href":"https:\/\/www.ambienteyenergia.gob.ec\/ambiente\/wp-json\/wp\/v2\/media\/23214"}],"wp:attachment":[{"href":"https:\/\/www.ambienteyenergia.gob.ec\/ambiente\/wp-json\/wp\/v2\/media?parent=24186"}],"wp:term":[{"taxonomy":"category","embeddable":true,"href":"https:\/\/www.ambienteyenergia.gob.ec\/ambiente\/wp-json\/wp\/v2\/categories?post=24186"},{"taxonomy":"post_tag","embeddable":true,"href":"https:\/\/www.ambienteyenergia.gob.ec\/ambiente\/wp-json\/wp\/v2\/tags?post=24186"}],"curies":[{"name":"wp","href":"https:\/\/api.w.org\/{rel}","templated":true}]}}