{"id":24184,"date":"2015-01-30T16:50:52","date_gmt":"2015-01-30T21:50:52","guid":{"rendered":"http:\/\/www.ambiente.gob.ec\/?p=24184"},"modified":"2015-01-30T16:50:52","modified_gmt":"2015-01-30T21:50:52","slug":"tres-condores-sobrevuelan-mirador-de-agua-blanca-en-el-carchi","status":"publish","type":"post","link":"https:\/\/www.ambienteyenergia.gob.ec\/ambiente\/tres-condores-sobrevuelan-mirador-de-agua-blanca-en-el-carchi\/","title":{"rendered":"Tres c\u00f3ndores sobrevuelan Mirador de Agua Blanca en el Carchi"},"content":{"rendered":"<p class=\"western\" lang=\"es-ES\" style=\"text-align: justify;\" align=\"justify\"><span style=\"font-family: Calibri, sans-serif;\">El c\u00f3ndor andino cumplen una una funci\u00f3n importante dentro de sus zonas de influencia pues mantienen los p\u00e1ramos y valles libres de animales en putrefacci\u00f3n, evitando la proliferaci\u00f3n de enfermedades y plagas. Por esta raz\u00f3n su papel dentro de la cadena alimenticia es de vital importancia para los ecosistemas que habita. <\/span><\/p>\n<p class=\"western\" lang=\"es-ES\" style=\"text-align: justify;\" align=\"justify\"><span style=\"font-family: Calibri, sans-serif;\">El Ministerio del Ambiente de Ecuador (MAE) ha ejecutado, en los \u00faltimos a\u00f1os, varias iniciativas de conservaci\u00f3n con el fin de proteger a estas aves de potenciales peligros, pues el c\u00f3ndor est\u00e1 considerado como una especie en Peligro Cr\u00edtico de Extinci\u00f3n, dentro del Libro Rojo de Aves del Ecuador, y registrado en el Ap\u00e9ndice I de la Convenci\u00f3n sobre el Comercio Internacional de Especies Amenazadas de Fauna y Flora Silvestres (CITES).<\/span><\/p>\n<p class=\"western\" lang=\"es-ES\" style=\"text-align: justify;\" align=\"justify\"><span style=\"font-family: Calibri, sans-serif;\">Como resultado de una adecuada aplicaci\u00f3n de la Estrategia de Conservaci\u00f3n del C\u00f3ndor Andino Ecuador ha logrado contrarrestar en gran medida la desaparici\u00f3n de esta emblem\u00e1tica ave. <\/span><\/p>\n<p class=\"western\" lang=\"es-ES\" style=\"text-align: justify;\" align=\"justify\"><span style=\"font-family: Calibri, sans-serif;\">Es por ello que la Reserva Ecol\u00f3gica El \u00c1ngel fue el escenario en el cual una pareja de c\u00f3ndores adultos (macho y hembra) y un juvenil realizaron diversos sobrevuelos ascendentes en el sector Mirador de Agua Blanca, parroquia La Libertad, siendo los primeros espec\u00edmenes registrados en lo que va del a\u00f1o.<\/span><\/p>\n<p class=\"western\" lang=\"es-ES\" style=\"text-align: justify;\" align=\"justify\"><span style=\"font-family: Calibri, sans-serif;\">Gracias a la ejecuci\u00f3n de Programas de Manejo, de Educaci\u00f3n, Difusi\u00f3n, Informaci\u00f3n, Capacitaci\u00f3n y Comunicaci\u00f3n; de Investigaci\u00f3n y de Conservaci\u00f3n; monitoreo y vigilancia de vida silvestre \u00e9ste \u00faltimo avistamiento se suma a los tres c\u00f3ndores registrados durante el 2014 en la parroquia La Concepci\u00f3n, lo que demuestra la eficacia de la gesti\u00f3n de esta Cartera de Estado en materia de protecci\u00f3n de especies en peligro.<\/span><\/p>\n<p class=\"western\" lang=\"es-ES\" style=\"text-align: justify;\" align=\"justify\"><span style=\"font-family: Calibri, sans-serif;\">La Direcci\u00f3n Provincial del Ambiente de Carchi continuar\u00e1 realizando actividades de monitoreo y seguimiento a estas aves para garantizar su supervivencia.<\/span><\/p>\n","protected":false},"excerpt":{"rendered":"<p class=\"excerpt\">El c\u00f3ndor andino cumplen una una funci\u00f3n importante dentro de sus zonas de influencia pues mantienen los p\u00e1ramos y valles libres de animales en putrefacci\u00f3n, evitando la proliferaci\u00f3n de enfermedades y plagas. Por esta raz\u00f3n su papel dentro de la cadena alimenticia es de vital importancia para los ecosistemas que habita. El Ministerio del Ambiente de Ecuador (MAE) ha ejecutado,&hellip; <a href=\"https:\/\/www.ambienteyenergia.gob.ec\/ambiente\/tres-condores-sobrevuelan-mirador-de-agua-blanca-en-el-carchi\/\">Read more &rarr;<\/a><\/p>\n","protected":false},"author":13,"featured_media":22884,"comment_status":"open","ping_status":"open","sticky":false,"template":"","format":"standard","meta":{"footnotes":""},"categories":[16,4],"tags":[],"class_list":["post-24184","post","type-post","status-publish","format-standard","has-post-thumbnail","hentry","category-comunicamos","category-noticias","xfolkentry"],"_links":{"self":[{"href":"https:\/\/www.ambienteyenergia.gob.ec\/ambiente\/wp-json\/wp\/v2\/posts\/24184","targetHints":{"allow":["GET"]}}],"collection":[{"href":"https:\/\/www.ambienteyenergia.gob.ec\/ambiente\/wp-json\/wp\/v2\/posts"}],"about":[{"href":"https:\/\/www.ambienteyenergia.gob.ec\/ambiente\/wp-json\/wp\/v2\/types\/post"}],"author":[{"embeddable":true,"href":"https:\/\/www.ambienteyenergia.gob.ec\/ambiente\/wp-json\/wp\/v2\/users\/13"}],"replies":[{"embeddable":true,"href":"https:\/\/www.ambienteyenergia.gob.ec\/ambiente\/wp-json\/wp\/v2\/comments?post=24184"}],"version-history":[{"count":0,"href":"https:\/\/www.ambienteyenergia.gob.ec\/ambiente\/wp-json\/wp\/v2\/posts\/24184\/revisions"}],"wp:featuredmedia":[{"embeddable":true,"href":"https:\/\/www.ambienteyenergia.gob.ec\/ambiente\/wp-json\/wp\/v2\/media\/22884"}],"wp:attachment":[{"href":"https:\/\/www.ambienteyenergia.gob.ec\/ambiente\/wp-json\/wp\/v2\/media?parent=24184"}],"wp:term":[{"taxonomy":"category","embeddable":true,"href":"https:\/\/www.ambienteyenergia.gob.ec\/ambiente\/wp-json\/wp\/v2\/categories?post=24184"},{"taxonomy":"post_tag","embeddable":true,"href":"https:\/\/www.ambienteyenergia.gob.ec\/ambiente\/wp-json\/wp\/v2\/tags?post=24184"}],"curies":[{"name":"wp","href":"https:\/\/api.w.org\/{rel}","templated":true}]}}