{"id":24182,"date":"2015-01-30T16:49:27","date_gmt":"2015-01-30T21:49:27","guid":{"rendered":"http:\/\/www.ambiente.gob.ec\/?p=24182"},"modified":"2015-01-30T16:49:27","modified_gmt":"2015-01-30T21:49:27","slug":"mae-entrego-ocho-estudios-para-el-cierre-tecnico-de-botaderos-a-cielo-abierto","status":"publish","type":"post","link":"https:\/\/www.ambienteyenergia.gob.ec\/ambiente\/mae-entrego-ocho-estudios-para-el-cierre-tecnico-de-botaderos-a-cielo-abierto\/","title":{"rendered":"MAE entreg\u00f3 ocho estudios para el cierre t\u00e9cnico de botaderos a cielo abierto"},"content":{"rendered":"<p class=\"western\" style=\"text-align: justify;\" align=\"justify\"><span style=\"font-family: Calibri, sans-serif;\">El Ministerio del Ambiente, a trav\u00e9s de su Programa Nacional para la Gesti\u00f3n Integral de Desechos S\u00f3lidos (MAE-PNGIDS), entreg\u00f3 estudios que cuentan con viabilidad t\u00e9cnica para la implementaci\u00f3n inmediata del cierre t\u00e9cnico de botaderos de ocho Gobiernos Aut\u00f3nomos Descentralizados Municipales (GADM) de las provincias de Guayas (Naranjal, Naranjito, San Jacinto de Yaguachi y Sim\u00f3n Bol\u00edvar); Tungurahua (Ba\u00f1os) y Cotopaxi (Latacunga, Saquisil\u00ed y Pujil\u00ed). <\/span><\/p>\n<p class=\"western\" style=\"text-align: justify;\" align=\"justify\">\n<p class=\"western\" lang=\"es-EC\" style=\"text-align: justify;\" align=\"justify\"><span style=\"font-family: Calibri, sans-serif;\">En total los estudios entregados beneficiar\u00e1n a 500 000 personas, quienes generan 266,20 toneladas al d\u00eda, aproximadamente. <\/span><\/p>\n<p class=\"western\" style=\"text-align: justify;\" align=\"justify\">\n<p class=\"western\" style=\"text-align: justify;\" align=\"justify\"><span style=\"font-family: Calibri, sans-serif;\">El evento cont\u00f3 con la presencia de la Ministra de Ambiente, Lorena Tapia N\u00fa\u00f1ez, quien entreg\u00f3 personalmente cada estudio y se\u00f1al\u00f3 que busca consolidar el compromiso sostenido de cada uno de los Alcaldes para la implementaci\u00f3n inmediata de los estudios. \u201cHablamos de un nuevo Ecuador que avanza en materia de desechos, ahora empieza su trabajo\u201d.<\/span><\/p>\n<p class=\"western\" style=\"text-align: justify;\" align=\"justify\">\n<p class=\"western\" style=\"text-align: justify;\" align=\"justify\"><span style=\"font-family: Calibri, sans-serif;\">En este sentido, el Alcalde de Ba\u00f1os, Marlon Guevara y el Alcalde de Saquisil\u00ed, Jos\u00e9 Alomoto, expresaron <\/span><span style=\"font-family: Calibri, sans-serif;\">su<\/span><span style=\"font-family: Calibri, sans-serif;\"> agradecimiento y su decisi\u00f3n de trabajar por la correcta disposici\u00f3n final y aprovechamiento de los residuos s\u00f3lidos en cada una de sus jurisdicciones. \u201cEste estudio ser\u00e1 un instrumento t\u00e9cnico para cambiar la vida del cant\u00f3n\u201d, dijo Alomoto, mientras que Guevara aplaudi\u00f3 el proyecto de manejo de desechos s\u00f3lidos en el pa\u00eds. <\/span><\/p>\n<p class=\"western\" style=\"text-align: justify;\" align=\"justify\">\n<p class=\"western\" style=\"text-align: justify;\" align=\"justify\"><span style=\"color: #000000;\"><span style=\"font-family: Calibri, sans-serif;\"><span lang=\"es-EC\">Durante el<\/span><\/span><\/span><span style=\"color: #000000;\"><span style=\"font-family: Calibri, sans-serif;\"><span lang=\"es-EC\"> 2014 se entregaron 86 estudios para el cierre t\u00e9cnico de botaderos de 109 G<\/span><\/span><\/span><span style=\"color: #000000;\"><span style=\"font-family: Calibri, sans-serif;\"><span lang=\"es-EC\">obiernos <\/span><\/span><\/span><span style=\"color: #000000;\"><span style=\"font-family: Calibri, sans-serif;\"><span lang=\"es-EC\">A<\/span><\/span><\/span><span style=\"color: #000000;\"><span style=\"font-family: Calibri, sans-serif;\"><span lang=\"es-EC\">ut\u00f3nomos <\/span><\/span><\/span><span style=\"color: #000000;\"><span style=\"font-family: Calibri, sans-serif;\"><span lang=\"es-EC\">D<\/span><\/span><\/span><span style=\"color: #000000;\"><span style=\"font-family: Calibri, sans-serif;\"><span lang=\"es-EC\">escentralizados <\/span><\/span><\/span><span style=\"color: #000000;\"><span style=\"font-family: Calibri, sans-serif;\"><span lang=\"es-EC\">M<\/span><\/span><\/span><span style=\"color: #000000;\"><span style=\"font-family: Calibri, sans-serif;\"><span lang=\"es-EC\">unicipales (GADM)<\/span><\/span><\/span><span style=\"color: #000000;\"><span style=\"font-family: Calibri, sans-serif;\"><span lang=\"es-EC\"> con una poblaci\u00f3n <\/span><\/span><\/span><span style=\"color: #000000;\"><span style=\"font-family: Calibri, sans-serif;\"><span lang=\"es-EC\">de cerca de<\/span><\/span><\/span><span style=\"color: #000000;\"><span style=\"font-family: Calibri, sans-serif;\"><span lang=\"es-EC\"> 10 millones de ecuatorianos beneficiados.<\/span><\/span><\/span><\/p>\n<p class=\"western\" style=\"text-align: justify;\" align=\"justify\">\n<p class=\"western\" style=\"text-align: justify;\" align=\"justify\"><span style=\"font-family: Calibri, sans-serif;\">La meta del Programa es eliminar todos los botaderos a cielo abierto hasta el a\u00f1o 2017. Por ello, desde el 2010, el personal t\u00e9cnico emprende diversas acciones a favor y en coordinaci\u00f3n con los GADM para facilitar su trabajo en el manejo integral de residuos s\u00f3lidos.\/ba-ds<\/span><\/p>\n","protected":false},"excerpt":{"rendered":"<p class=\"excerpt\">El Ministerio del Ambiente, a trav\u00e9s de su Programa Nacional para la Gesti\u00f3n Integral de Desechos S\u00f3lidos (MAE-PNGIDS), entreg\u00f3 estudios que cuentan con viabilidad t\u00e9cnica para la implementaci\u00f3n inmediata del cierre t\u00e9cnico de botaderos de ocho Gobiernos Aut\u00f3nomos Descentralizados Municipales (GADM) de las provincias de Guayas (Naranjal, Naranjito, San Jacinto de Yaguachi y Sim\u00f3n Bol\u00edvar); Tungurahua (Ba\u00f1os) y Cotopaxi (Latacunga,&hellip; <a href=\"https:\/\/www.ambienteyenergia.gob.ec\/ambiente\/mae-entrego-ocho-estudios-para-el-cierre-tecnico-de-botaderos-a-cielo-abierto\/\">Read more &rarr;<\/a><\/p>\n","protected":false},"author":13,"featured_media":22884,"comment_status":"open","ping_status":"open","sticky":false,"template":"","format":"standard","meta":{"footnotes":""},"categories":[16,4],"tags":[],"class_list":["post-24182","post","type-post","status-publish","format-standard","has-post-thumbnail","hentry","category-comunicamos","category-noticias","xfolkentry"],"_links":{"self":[{"href":"https:\/\/www.ambienteyenergia.gob.ec\/ambiente\/wp-json\/wp\/v2\/posts\/24182","targetHints":{"allow":["GET"]}}],"collection":[{"href":"https:\/\/www.ambienteyenergia.gob.ec\/ambiente\/wp-json\/wp\/v2\/posts"}],"about":[{"href":"https:\/\/www.ambienteyenergia.gob.ec\/ambiente\/wp-json\/wp\/v2\/types\/post"}],"author":[{"embeddable":true,"href":"https:\/\/www.ambienteyenergia.gob.ec\/ambiente\/wp-json\/wp\/v2\/users\/13"}],"replies":[{"embeddable":true,"href":"https:\/\/www.ambienteyenergia.gob.ec\/ambiente\/wp-json\/wp\/v2\/comments?post=24182"}],"version-history":[{"count":0,"href":"https:\/\/www.ambienteyenergia.gob.ec\/ambiente\/wp-json\/wp\/v2\/posts\/24182\/revisions"}],"wp:featuredmedia":[{"embeddable":true,"href":"https:\/\/www.ambienteyenergia.gob.ec\/ambiente\/wp-json\/wp\/v2\/media\/22884"}],"wp:attachment":[{"href":"https:\/\/www.ambienteyenergia.gob.ec\/ambiente\/wp-json\/wp\/v2\/media?parent=24182"}],"wp:term":[{"taxonomy":"category","embeddable":true,"href":"https:\/\/www.ambienteyenergia.gob.ec\/ambiente\/wp-json\/wp\/v2\/categories?post=24182"},{"taxonomy":"post_tag","embeddable":true,"href":"https:\/\/www.ambienteyenergia.gob.ec\/ambiente\/wp-json\/wp\/v2\/tags?post=24182"}],"curies":[{"name":"wp","href":"https:\/\/api.w.org\/{rel}","templated":true}]}}