{"id":24180,"date":"2015-01-30T16:47:39","date_gmt":"2015-01-30T21:47:39","guid":{"rendered":"http:\/\/www.ambiente.gob.ec\/?p=24180"},"modified":"2015-01-30T16:47:39","modified_gmt":"2015-01-30T21:47:39","slug":"tortuga-de-jardin-fue-entregada-a-centro-de-vida-silvestre-en-bolivar","status":"publish","type":"post","link":"https:\/\/www.ambienteyenergia.gob.ec\/ambiente\/tortuga-de-jardin-fue-entregada-a-centro-de-vida-silvestre-en-bolivar\/","title":{"rendered":"Tortuga de jard\u00edn fue entregada a Centro de Vida Silvestre en Bol\u00edvar"},"content":{"rendered":"<p class=\"western\" style=\"text-align: justify;\" align=\"justify\"><span style=\"color: #000000;\"><span style=\"font-family: Arial, sans-serif;\">El <\/span><\/span><span style=\"color: #000000;\"><span style=\"font-family: Arial, sans-serif;\">pasado mi\u00e9rcoles<\/span><\/span><span style=\"color: #000000;\"><span style=\"font-family: Arial, sans-serif;\">, miembros de la <\/span><\/span><span style=\"color: #000000;\"><span style=\"font-family: Arial, sans-serif;\">P<\/span><\/span><span style=\"color: #000000;\"><span style=\"font-family: Arial, sans-serif;\">olic\u00eda <\/span><\/span><span style=\"color: #000000;\"><span style=\"font-family: Arial, sans-serif;\">Nacional de <\/span><\/span><span style=\"color: #000000;\"><span style=\"font-family: Arial, sans-serif;\">San Miguel <\/span><\/span><span style=\"color: #000000;\"><span style=\"font-family: Arial, sans-serif;\">de Bol\u00edvar<\/span><\/span><span style=\"color: #000000;\"><span style=\"font-family: Arial, sans-serif;\"> rescat<\/span><\/span><span style=\"color: #000000;\"><span style=\"font-family: Arial, sans-serif;\">aron a <\/span><\/span><span style=\"color: #000000;\"><span style=\"font-family: Arial, sans-serif;\">una tortuga <\/span><\/span><span style=\"color: #000000;\"><span style=\"font-family: Arial, sans-serif;\">que se encontraba en la v\u00eda a la Magdalena<\/span><\/span><span style=\"color: #000000;\"><span style=\"font-family: Arial, sans-serif;\">. El esp\u00e9cimen <\/span><\/span><span style=\"color: #000000;\"><span style=\"font-family: Arial, sans-serif;\">fue <\/span><\/span><span style=\"color: #000000;\"><span style=\"font-family: Arial, sans-serif;\">entregado inmediatamente a la Direcci\u00f3n Provincial del Ambiente Bol\u00edvar.<\/span><\/span><\/p>\n<p class=\"western\" style=\"text-align: justify;\" align=\"justify\"><span style=\"color: #000000;\"><span style=\"font-family: Arial, sans-serif;\">Luego de la revisi\u00f3n y verificaci\u00f3n del esp\u00e9cimen se determina que es una tortuga de jard\u00edn <\/span><\/span><span style=\"color: #000000;\"><span style=\"font-family: Arial, sans-serif;\"><i>(Kinosternon sp.<\/i><\/span><\/span><span style=\"color: #000000;\"><span style=\"font-family: Arial, sans-serif;\">), <\/span><\/span><span style=\"color: #000000;\"><span style=\"font-family: Arial, sans-serif;\">misma que se <\/span><\/span><span style=\"color: #000000;\"><span style=\"font-family: Arial, sans-serif;\">enc<\/span><\/span><span style=\"color: #000000;\"><span style=\"font-family: Arial, sans-serif;\">o<\/span><\/span><span style=\"color: #000000;\"><span style=\"font-family: Arial, sans-serif;\">ntra<\/span><\/span><span style=\"color: #000000;\"><span style=\"font-family: Arial, sans-serif;\">ba<\/span><\/span><span style=\"color: #000000;\"><span style=\"font-family: Arial, sans-serif;\"> en buen estado <\/span><\/span><span style=\"color: #000000;\"><span style=\"font-family: Arial, sans-serif;\">de salud. Este reptil<\/span><\/span><span style=\"color: #000000;\"><span style=\"font-family: Arial, sans-serif;\">fue movilizado <\/span><\/span><span style=\"color: #000000;\"><span style=\"font-family: Arial, sans-serif;\">al Centro de Vida Silvestre m\u00e1s cercano, <\/span><\/span><span style=\"color: #000000;\"><span style=\"font-family: Arial, sans-serif;\">por personal t\u00e9cnico del Ministerio del Ambiente<\/span><\/span><span style=\"color: #000000;\"><span style=\"font-family: Arial, sans-serif;\"> para su recuperaci\u00f3n y posterior liberaci\u00f3n.<\/span><\/span><\/p>\n<p class=\"western\" style=\"text-align: justify;\" align=\"justify\"><a name=\"ctl00_cphContenido_FormView1_lblTaxonomi\"><\/a> <span style=\"color: #000000;\"><span style=\"font-family: Arial, sans-serif;\">Est<\/span><\/span><span style=\"color: #000000;\"><span style=\"font-family: Arial, sans-serif;\">e tipo de<\/span><\/span><span style=\"color: #000000;\"><span style=\"font-family: Arial, sans-serif;\"> tortuga<\/span><\/span><span style=\"color: #000000;\"><span style=\"font-family: Arial, sans-serif;\">s<\/span><\/span><span style=\"color: #000000;\"><span style=\"font-family: Arial, sans-serif;\"> se caracterizan por ser peque\u00f1as, con una o dos bisagras transversales que les permite esconder totalmente la cabeza; la mayor\u00eda son tortugas de h\u00e1bitos acu\u00e1ticos, aunque no son muy buenas nadadoras. (P\u00e1ez <\/span><\/span><span style=\"color: #000000;\"><span style=\"font-family: Arial, sans-serif;\"><i>et al<\/i><\/span><\/span><span style=\"color: #000000;\"><span style=\"font-family: Arial, sans-serif;\">., 2012).<\/span><\/span><\/p>\n<p class=\"western\" style=\"text-align: justify;\" align=\"justify\"><span style=\"color: #000000;\"><span style=\"font-family: Arial, sans-serif;\">Aunque no se encuentra amenazada en la UICN (Uni\u00f3n Internacional para la Conservaci\u00f3n de la Naturaleza), ni en ning\u00fan ap\u00e9ndice CITES, la destrucci\u00f3n de los ecosistemas ribere\u00f1os donde habita puede afectar a las poblaciones de esta especie.\/<\/span><\/span><span style=\"color: #000000;\"><span style=\"font-family: Arial, sans-serif;\">ja-ds<\/span><\/span><\/p>\n","protected":false},"excerpt":{"rendered":"<p class=\"excerpt\">El pasado mi\u00e9rcoles, miembros de la Polic\u00eda Nacional de San Miguel de Bol\u00edvar rescataron a una tortuga que se encontraba en la v\u00eda a la Magdalena. El esp\u00e9cimen fue entregado inmediatamente a la Direcci\u00f3n Provincial del Ambiente Bol\u00edvar. Luego de la revisi\u00f3n y verificaci\u00f3n del esp\u00e9cimen se determina que es una tortuga de jard\u00edn (Kinosternon sp.), misma que se encontraba&hellip; <a href=\"https:\/\/www.ambienteyenergia.gob.ec\/ambiente\/tortuga-de-jardin-fue-entregada-a-centro-de-vida-silvestre-en-bolivar\/\">Read more &rarr;<\/a><\/p>\n","protected":false},"author":13,"featured_media":23214,"comment_status":"open","ping_status":"open","sticky":false,"template":"","format":"standard","meta":{"footnotes":""},"categories":[16,4],"tags":[],"class_list":["post-24180","post","type-post","status-publish","format-standard","has-post-thumbnail","hentry","category-comunicamos","category-noticias","xfolkentry"],"_links":{"self":[{"href":"https:\/\/www.ambienteyenergia.gob.ec\/ambiente\/wp-json\/wp\/v2\/posts\/24180","targetHints":{"allow":["GET"]}}],"collection":[{"href":"https:\/\/www.ambienteyenergia.gob.ec\/ambiente\/wp-json\/wp\/v2\/posts"}],"about":[{"href":"https:\/\/www.ambienteyenergia.gob.ec\/ambiente\/wp-json\/wp\/v2\/types\/post"}],"author":[{"embeddable":true,"href":"https:\/\/www.ambienteyenergia.gob.ec\/ambiente\/wp-json\/wp\/v2\/users\/13"}],"replies":[{"embeddable":true,"href":"https:\/\/www.ambienteyenergia.gob.ec\/ambiente\/wp-json\/wp\/v2\/comments?post=24180"}],"version-history":[{"count":0,"href":"https:\/\/www.ambienteyenergia.gob.ec\/ambiente\/wp-json\/wp\/v2\/posts\/24180\/revisions"}],"wp:featuredmedia":[{"embeddable":true,"href":"https:\/\/www.ambienteyenergia.gob.ec\/ambiente\/wp-json\/wp\/v2\/media\/23214"}],"wp:attachment":[{"href":"https:\/\/www.ambienteyenergia.gob.ec\/ambiente\/wp-json\/wp\/v2\/media?parent=24180"}],"wp:term":[{"taxonomy":"category","embeddable":true,"href":"https:\/\/www.ambienteyenergia.gob.ec\/ambiente\/wp-json\/wp\/v2\/categories?post=24180"},{"taxonomy":"post_tag","embeddable":true,"href":"https:\/\/www.ambienteyenergia.gob.ec\/ambiente\/wp-json\/wp\/v2\/tags?post=24180"}],"curies":[{"name":"wp","href":"https:\/\/api.w.org\/{rel}","templated":true}]}}