{"id":24178,"date":"2015-01-30T16:46:23","date_gmt":"2015-01-30T21:46:23","guid":{"rendered":"http:\/\/www.ambiente.gob.ec\/?p=24178"},"modified":"2015-01-30T16:46:23","modified_gmt":"2015-01-30T21:46:23","slug":"40-metros-cubicos-de-carbon-ilegal-decomisados","status":"publish","type":"post","link":"https:\/\/www.ambienteyenergia.gob.ec\/ambiente\/40-metros-cubicos-de-carbon-ilegal-decomisados\/","title":{"rendered":"40 metros c\u00fabicos de carb\u00f3n ilegal decomisados"},"content":{"rendered":"<p style=\"text-align: justify;\" align=\"justify\"><span style=\"font-family: 'Times New Roman', serif;\"><span style=\"font-family: Arial, serif;\">T\u00e9cnicos del Ministerio del Ambiente, acompa\u00f1ados del <\/span><span style=\"font-family: Arial, serif;\">p<\/span><span style=\"font-family: Arial, serif;\">ersonal de la Unidad de Protecci\u00f3n del Medio Ambiente (UPMA), <\/span><span style=\"font-family: Arial, serif;\">decomisaron<\/span><span style=\"font-family: Arial, serif;\"> 40 metros c\u00fabicos de carb\u00f3n que estaba listo para ser comercializado <\/span><span style=\"font-family: Arial, serif;\">en un operativo de<\/span><span style=\"font-family: Arial, serif;\"> control forestal <\/span><span style=\"font-family: Arial, serif;\">realizado la tarde del jueves en Manab\u00ed.<\/span><\/span><\/p>\n<p style=\"text-align: justify;\" align=\"justify\">\n<p style=\"text-align: justify;\" align=\"justify\"><span style=\"font-family: 'Times New Roman', serif;\"><span style=\"font-family: Arial, serif;\">E<\/span><span style=\"font-family: Arial, serif;\">l carb\u00f3n, <\/span><span style=\"font-family: Arial, serif;\">al ser un<\/span><span style=\"font-family: Arial, serif;\"> subproducto forestal <\/span><span style=\"font-family: Arial, serif;\">debe contar con la documentaci\u00f3n correspondiente <\/span><span style=\"font-family: Arial, serif;\">para su comercializaci\u00f3n legal, <\/span><span style=\"font-family: Arial, serif;\">seg\u00fan lo estipula la Ley Forestal.<\/span><\/span><\/p>\n<p style=\"text-align: justify;\" align=\"justify\">\n<p style=\"text-align: justify;\" align=\"justify\"><span style=\"font-family: 'Times New Roman', serif;\"><span style=\"font-family: Arial, serif;\">E<\/span><span style=\"font-family: Arial, serif;\">mbodegado<\/span><span style=\"font-family: Arial, serif;\">s<\/span><span style=\"font-family: Arial, serif;\"> en varios domicilios de la parroquia Charapoto del cant\u00f3n Sucre, <\/span><span style=\"font-family: Arial, serif;\">se encontraron 250 sacas de carb\u00f3n que conten\u00edan en su totalidad cerca de 40 metros c\u00fabicos, luego de lo cual se procedi\u00f3 a su decomiso pues los propietarios no contaban con los documentos que certificaban su origen y autorizaci\u00f3n para su venta.<\/span><\/span><\/p>\n<p style=\"text-align: justify;\" align=\"justify\">\n<p style=\"text-align: justify;\" align=\"justify\"><span style=\"font-family: 'Times New Roman', serif;\"><span style=\"font-family: Arial, serif;\">El articulo Art. 78 de la ley forestal, indica que <\/span><span style=\"font-family: Arial, serif;\">q<\/span><span style=\"font-family: Arial, serif;\">uien pode, tale, descortece, destruya, altere, transforme, adquiera, transporte, comercialice, o utilice los bosques de \u00e1reas de mangle, los productos forestales o de vida silvestre o productos forestales diferentes de la madera, provenientes de bosques de propiedad estatal o privada, o destruya, altere, transforme, adquiera, capture, extraiga, transporte, comercialice o utilice especies bioacu\u00e1ticas o terrestres pertenecientes a \u00e1reas naturales protegidas, sin el correspondiente contrato, licencia o autorizaci\u00f3n de aprovechamiento a que estuviera legalmente obligado, o que, teni\u00e9ndolos, se exceda de lo autorizado, ser\u00e1 sancionado con multas equivalentes al valor de uno a diez salarios m\u00ednimos vitales generales y el decomiso de los productos.<\/span><\/span><\/p>\n<p style=\"text-align: justify;\" align=\"justify\">\n<p class=\"western\" style=\"text-align: justify;\" align=\"justify\"><span style=\"color: #000000;\"><span style=\"font-family: 'Times New Roman', serif;\"><span style=\"font-family: Arial, serif;\">Funcionarios del MAE, como autoridades ambientales realizan operativos de control en los diferentes cantones de <\/span><span style=\"font-family: Arial, serif;\">Manab\u00ed,<\/span><span style=\"font-family: Arial, serif;\"> con el objetivo de frenar la tala y expendio de madera <\/span><span style=\"font-family: Arial, serif;\">ilegal.\/<\/span><span style=\"font-family: Arial, serif;\">jb-ds<\/span><\/span><\/span><\/p>\n","protected":false},"excerpt":{"rendered":"<p class=\"excerpt\">T\u00e9cnicos del Ministerio del Ambiente, acompa\u00f1ados del personal de la Unidad de Protecci\u00f3n del Medio Ambiente (UPMA), decomisaron 40 metros c\u00fabicos de carb\u00f3n que estaba listo para ser comercializado en un operativo de control forestal realizado la tarde del jueves en Manab\u00ed. El carb\u00f3n, al ser un subproducto forestal debe contar con la documentaci\u00f3n correspondiente para su comercializaci\u00f3n legal, seg\u00fan&hellip; <a href=\"https:\/\/www.ambienteyenergia.gob.ec\/ambiente\/40-metros-cubicos-de-carbon-ilegal-decomisados\/\">Read more &rarr;<\/a><\/p>\n","protected":false},"author":13,"featured_media":23214,"comment_status":"open","ping_status":"open","sticky":false,"template":"","format":"standard","meta":{"footnotes":""},"categories":[16,4],"tags":[],"class_list":["post-24178","post","type-post","status-publish","format-standard","has-post-thumbnail","hentry","category-comunicamos","category-noticias","xfolkentry"],"_links":{"self":[{"href":"https:\/\/www.ambienteyenergia.gob.ec\/ambiente\/wp-json\/wp\/v2\/posts\/24178","targetHints":{"allow":["GET"]}}],"collection":[{"href":"https:\/\/www.ambienteyenergia.gob.ec\/ambiente\/wp-json\/wp\/v2\/posts"}],"about":[{"href":"https:\/\/www.ambienteyenergia.gob.ec\/ambiente\/wp-json\/wp\/v2\/types\/post"}],"author":[{"embeddable":true,"href":"https:\/\/www.ambienteyenergia.gob.ec\/ambiente\/wp-json\/wp\/v2\/users\/13"}],"replies":[{"embeddable":true,"href":"https:\/\/www.ambienteyenergia.gob.ec\/ambiente\/wp-json\/wp\/v2\/comments?post=24178"}],"version-history":[{"count":0,"href":"https:\/\/www.ambienteyenergia.gob.ec\/ambiente\/wp-json\/wp\/v2\/posts\/24178\/revisions"}],"wp:featuredmedia":[{"embeddable":true,"href":"https:\/\/www.ambienteyenergia.gob.ec\/ambiente\/wp-json\/wp\/v2\/media\/23214"}],"wp:attachment":[{"href":"https:\/\/www.ambienteyenergia.gob.ec\/ambiente\/wp-json\/wp\/v2\/media?parent=24178"}],"wp:term":[{"taxonomy":"category","embeddable":true,"href":"https:\/\/www.ambienteyenergia.gob.ec\/ambiente\/wp-json\/wp\/v2\/categories?post=24178"},{"taxonomy":"post_tag","embeddable":true,"href":"https:\/\/www.ambienteyenergia.gob.ec\/ambiente\/wp-json\/wp\/v2\/tags?post=24178"}],"curies":[{"name":"wp","href":"https:\/\/api.w.org\/{rel}","templated":true}]}}