{"id":24175,"date":"2015-01-30T16:42:43","date_gmt":"2015-01-30T21:42:43","guid":{"rendered":"http:\/\/www.ambiente.gob.ec\/?p=24175"},"modified":"2015-01-30T16:42:43","modified_gmt":"2015-01-30T21:42:43","slug":"guardaparques-de-la-reserva-ecologica-cotacachi-forman-parte-de-un-interesante-reportaje","status":"publish","type":"post","link":"https:\/\/www.ambienteyenergia.gob.ec\/ambiente\/guardaparques-de-la-reserva-ecologica-cotacachi-forman-parte-de-un-interesante-reportaje\/","title":{"rendered":"Guardaparques de la Reserva Ecol\u00f3gica Cotacachi forman parte de un interesante reportaje"},"content":{"rendered":"<p style=\"text-align: justify;\">El programa televisivo \u201cEntra\u00f1able Tierra\u201d del Canal UTV de la ciudad de Ibarra, se interes\u00f3 en realizar un reportaje sobre la vida diaria de los guardaparques, visualizado desde una perspectiva de protecci\u00f3n y preservaci\u00f3n del patrimonio natural, cultural y recreacional del Ecuador.<\/p>\n<p style=\"text-align: justify;\">Durante la filmaci\u00f3n participaron dos guardaparques, uno de ellos con m\u00e1s de 30 a\u00f1os de experiencia en estas actividades, se trata del Sr. Efra\u00edn Almeida, quien con mucha humildad y entusiasmo relat\u00f3 su historia, los cambios han tenido cada administraci\u00f3n y las facilidades que ahora posee como guardaparques para ejecutar las actividades encomendadas, como el control y vigilancia del \u00e1rea Protegida, educaci\u00f3n ambiental, apoyo a la investigaci\u00f3n, atenci\u00f3n al p\u00fablico, entre otros.<\/p>\n<p style=\"text-align: justify;\">El segundo guardaparque en ser entrevistado fue el Sr. Miguel Paguay, quien adem\u00e1s de compartir sus experiencias en esta labor, resalt\u00f3 el gran potencial tur\u00edstico que goza la Reserva Ecol\u00f3gica Cotacachi, con una diversidad de flora y fauna.<\/p>\n<p style=\"text-align: justify;\">Mediante estos espacios comunicacionales, el Ministerio del Ambiente potencializa el trabajo que realiza cada uno de los integrantes de esta Cartera de Estado, en miras de construir un Ecuador m\u00e1s Verde. \/\/MH<\/p>\n","protected":false},"excerpt":{"rendered":"<p class=\"excerpt\">El programa televisivo \u201cEntra\u00f1able Tierra\u201d del Canal UTV de la ciudad de Ibarra, se interes\u00f3 en realizar un reportaje sobre la vida diaria de los guardaparques, visualizado desde una perspectiva de protecci\u00f3n y preservaci\u00f3n del patrimonio natural, cultural y recreacional del Ecuador. Durante la filmaci\u00f3n participaron dos guardaparques, uno de ellos con m\u00e1s de 30 a\u00f1os de experiencia en estas&hellip; <a href=\"https:\/\/www.ambienteyenergia.gob.ec\/ambiente\/guardaparques-de-la-reserva-ecologica-cotacachi-forman-parte-de-un-interesante-reportaje\/\">Read more &rarr;<\/a><\/p>\n","protected":false},"author":13,"featured_media":24176,"comment_status":"open","ping_status":"open","sticky":false,"template":"","format":"standard","meta":{"footnotes":""},"categories":[16,4],"tags":[],"class_list":["post-24175","post","type-post","status-publish","format-standard","has-post-thumbnail","hentry","category-comunicamos","category-noticias","xfolkentry"],"_links":{"self":[{"href":"https:\/\/www.ambienteyenergia.gob.ec\/ambiente\/wp-json\/wp\/v2\/posts\/24175","targetHints":{"allow":["GET"]}}],"collection":[{"href":"https:\/\/www.ambienteyenergia.gob.ec\/ambiente\/wp-json\/wp\/v2\/posts"}],"about":[{"href":"https:\/\/www.ambienteyenergia.gob.ec\/ambiente\/wp-json\/wp\/v2\/types\/post"}],"author":[{"embeddable":true,"href":"https:\/\/www.ambienteyenergia.gob.ec\/ambiente\/wp-json\/wp\/v2\/users\/13"}],"replies":[{"embeddable":true,"href":"https:\/\/www.ambienteyenergia.gob.ec\/ambiente\/wp-json\/wp\/v2\/comments?post=24175"}],"version-history":[{"count":0,"href":"https:\/\/www.ambienteyenergia.gob.ec\/ambiente\/wp-json\/wp\/v2\/posts\/24175\/revisions"}],"wp:featuredmedia":[{"embeddable":true,"href":"https:\/\/www.ambienteyenergia.gob.ec\/ambiente\/wp-json\/wp\/v2\/media\/24176"}],"wp:attachment":[{"href":"https:\/\/www.ambienteyenergia.gob.ec\/ambiente\/wp-json\/wp\/v2\/media?parent=24175"}],"wp:term":[{"taxonomy":"category","embeddable":true,"href":"https:\/\/www.ambienteyenergia.gob.ec\/ambiente\/wp-json\/wp\/v2\/categories?post=24175"},{"taxonomy":"post_tag","embeddable":true,"href":"https:\/\/www.ambienteyenergia.gob.ec\/ambiente\/wp-json\/wp\/v2\/tags?post=24175"}],"curies":[{"name":"wp","href":"https:\/\/api.w.org\/{rel}","templated":true}]}}