{"id":24172,"date":"2015-01-29T16:40:30","date_gmt":"2015-01-29T21:40:30","guid":{"rendered":"http:\/\/www.ambiente.gob.ec\/?p=24172"},"modified":"2015-01-30T16:41:06","modified_gmt":"2015-01-30T21:41:06","slug":"mae-trabaja-en-la-proteccion-del-ave-migratoria-gallareta-purpura","status":"publish","type":"post","link":"https:\/\/www.ambienteyenergia.gob.ec\/ambiente\/mae-trabaja-en-la-proteccion-del-ave-migratoria-gallareta-purpura\/","title":{"rendered":"MAE trabaja en la protecci\u00f3n del ave migratoria Gallareta P\u00farpura"},"content":{"rendered":"<p>La Direcci\u00f3n Nacional de Biodiversidad del Ministerio del Ambiente, a trav\u00e9s de la Unidad de Vida Silvestre; trabaja eficientemente en el control de tr\u00e1fico de vida silvestre, bajo varios ejes como el decomiso, rescate, rehabilitaci\u00f3n y reintroducci\u00f3n de estos espec\u00edmenes.<\/p>\n<p>El tr\u00e1fico ilegal de vida silvestre es una de las principales causas de la p\u00e9rdida de\u00a0 biodiversidad en el pa\u00eds, pero tambi\u00e9n la fragmentaci\u00f3n y destrucci\u00f3n de los h\u00e1bitats de especies de vida silvestre; como es el caso de la Gallareta P\u00farpura (<em>Porphyrio martinica<\/em>), una ave migratoria que puede ser observada en la provincia de Pichincha y que debido a la sequ\u00eda, a la reducci\u00f3n de espacios verdes, fuentes de alimento y lugares de reproducci\u00f3n, se ha visto afectada.<\/p>\n<p>En el a\u00f1o 2014, el MAE realiz\u00f3 el rescate de 10 Gallaretas P\u00farpuras en sitios cercanos a fuentes de agua, como el Parque la Carolina y el Reservorio de Cumbay\u00e1, la Delicia, Cotocollao, Quicentro Sur, Conocoto; gracias a las llamadas de alerta que la ciudadan\u00eda realiza a esta entidad. En la mayor\u00eda de los casos las aves han sido encontradas con un cuadro de agotamiento f\u00edsico o traumatismos en sus extremidades debido a las largas jornadas de vuelo que realizan.<\/p>\n<p>La Gallareta P\u00farpura prefiere los ambientes h\u00famedos o inundados; como pantanos y lagos con vegetaci\u00f3n flotante densa; por ello al llegar el invierno migran del sur de Estados Unidos, Argentina, sur de Brasil y Uruguay, a lugares m\u00e1s c\u00e1lidos.<\/p>\n<p>Las condiciones ambientales y la fatiga que involucra realizar esta actividad, ocasiona que las aves desciendan a tierra para descansar y reponerse; por ello muchos ciudadanos se han encontrado con estos espec\u00edmenes en varios puntos de la ciudad capital.<\/p>\n<p>Frente ello, el Ministerio del Ambiente solicita a la ciudadan\u00eda no capturar o afectar el entorno del ave y comunicarse inmediatamente con los especialistas de esta Cartera de Estado al 2565-741.<\/p>\n<p>Las aves rescatadas han sido trasladadas a la Cl\u00ednica Veterinaria de la USFQ, donde se les brinda los cuidados veterinarios necesarios y se determina su estado de salud. Posteriormente, se contin\u00faa con el proceso de liberaci\u00f3n, de ser el caso.<\/p>\n<p>El MAE continuar\u00e1 realizando operativos de control, con el objetivo de proteger el patrimonio natural nacional, en cumplimiento del la normativa ambiental vigente. \/\/MH<\/p>\n","protected":false},"excerpt":{"rendered":"<p class=\"excerpt\">La Direcci\u00f3n Nacional de Biodiversidad del Ministerio del Ambiente, a trav\u00e9s de la Unidad de Vida Silvestre; trabaja eficientemente en el control de tr\u00e1fico de vida silvestre, bajo varios ejes como el decomiso, rescate, rehabilitaci\u00f3n y reintroducci\u00f3n de estos espec\u00edmenes. El tr\u00e1fico ilegal de vida silvestre es una de las principales causas de la p\u00e9rdida de\u00a0 biodiversidad en el pa\u00eds,&hellip; <a href=\"https:\/\/www.ambienteyenergia.gob.ec\/ambiente\/mae-trabaja-en-la-proteccion-del-ave-migratoria-gallareta-purpura\/\">Read more &rarr;<\/a><\/p>\n","protected":false},"author":13,"featured_media":24173,"comment_status":"open","ping_status":"open","sticky":false,"template":"","format":"standard","meta":{"footnotes":""},"categories":[16,4],"tags":[],"class_list":["post-24172","post","type-post","status-publish","format-standard","has-post-thumbnail","hentry","category-comunicamos","category-noticias","xfolkentry"],"_links":{"self":[{"href":"https:\/\/www.ambienteyenergia.gob.ec\/ambiente\/wp-json\/wp\/v2\/posts\/24172","targetHints":{"allow":["GET"]}}],"collection":[{"href":"https:\/\/www.ambienteyenergia.gob.ec\/ambiente\/wp-json\/wp\/v2\/posts"}],"about":[{"href":"https:\/\/www.ambienteyenergia.gob.ec\/ambiente\/wp-json\/wp\/v2\/types\/post"}],"author":[{"embeddable":true,"href":"https:\/\/www.ambienteyenergia.gob.ec\/ambiente\/wp-json\/wp\/v2\/users\/13"}],"replies":[{"embeddable":true,"href":"https:\/\/www.ambienteyenergia.gob.ec\/ambiente\/wp-json\/wp\/v2\/comments?post=24172"}],"version-history":[{"count":0,"href":"https:\/\/www.ambienteyenergia.gob.ec\/ambiente\/wp-json\/wp\/v2\/posts\/24172\/revisions"}],"wp:featuredmedia":[{"embeddable":true,"href":"https:\/\/www.ambienteyenergia.gob.ec\/ambiente\/wp-json\/wp\/v2\/media\/24173"}],"wp:attachment":[{"href":"https:\/\/www.ambienteyenergia.gob.ec\/ambiente\/wp-json\/wp\/v2\/media?parent=24172"}],"wp:term":[{"taxonomy":"category","embeddable":true,"href":"https:\/\/www.ambienteyenergia.gob.ec\/ambiente\/wp-json\/wp\/v2\/categories?post=24172"},{"taxonomy":"post_tag","embeddable":true,"href":"https:\/\/www.ambienteyenergia.gob.ec\/ambiente\/wp-json\/wp\/v2\/tags?post=24172"}],"curies":[{"name":"wp","href":"https:\/\/api.w.org\/{rel}","templated":true}]}}