{"id":24168,"date":"2015-01-28T16:32:48","date_gmt":"2015-01-28T21:32:48","guid":{"rendered":"http:\/\/www.ambiente.gob.ec\/?p=24168"},"modified":"2015-01-30T16:34:18","modified_gmt":"2015-01-30T21:34:18","slug":"dia-mundial-de-la-accion-frente-al-calentamiento-terrestre","status":"publish","type":"post","link":"https:\/\/www.ambienteyenergia.gob.ec\/ambiente\/dia-mundial-de-la-accion-frente-al-calentamiento-terrestre\/","title":{"rendered":"D\u00eda Mundial de la Acci\u00f3n frente al Calentamiento Terrestre"},"content":{"rendered":"<p>Aunque la variaci\u00f3n del clima constituye un fen\u00f3meno natural, el problema al que nos enfrentamos hoy en d\u00eda es la alteraci\u00f3n acelerada como consecuencia del aumento de las emisiones de gases de efecto invernadero (GEI) originadas por la actividad humana.<\/p>\n<p>El principal gas de efecto invernadero emitido por el hombre es el di\u00f3xido de carbono o CO2, procedente en su mayor parte de la quema de combustibles f\u00f3siles (carb\u00f3n, petr\u00f3leo y gas) y utilizados principalmente en la producci\u00f3n de energ\u00eda y en el transporte.<\/p>\n<p>Es por este motivo, que la Organizaci\u00f3n de las Naciones Unidas, design\u00f3 al 28 de Enero como el D\u00eda Mundial de la Acci\u00f3n frente al Calentamiento Terrestre, tambi\u00e9n llamado D\u00eda Mundial por la Reducci\u00f3n de las Emisiones de Di\u00f3xido de Carbono (CO2) con el objetivo de crear conciencia y sensibilizar a los habitantes de nuestro planeta sobre el cambio clim\u00e1tico y los impactos ambientales que esta ocasiona.<\/p>\n<p>En nuestro pa\u00eds, el Gobierno Nacional aborda la mitigaci\u00f3n del cambio clim\u00e1tico como una oportunidad para impulsar un desarrollo sostenible que promueva el uso de tecnolog\u00edas con bajas emisiones de carbono, el aprovechamiento de fuentes de energ\u00edas renovables no convencionales y el uso racional de energ\u00eda.<\/p>\n<p>Asimismo, el Ministerio del Ambiente promueve pol\u00edticas para la reducci\u00f3n de emisiones de di\u00f3xido de carbono a trav\u00e9s de sus proyectos e iniciativas para la mitigaci\u00f3n del cambio clim\u00e1tico.<\/p>\n<p><a name=\"OBJ_PREFIX_DWT159_com_zimbra_url\"><\/a>En este sentido, mediante <a href=\"http:\/\/www.ambienteyenergia.gob.ec\/ambiente\/wp-content\/plugins\/download-monitor\/download.php?id=1830&amp;force=1\" target=\"_blank\">Acuerdo Ministerial No. 141<\/a> suscrito el 20 de mayo de 2014 se expiden las \u201cNormas de la Autoridad Nacional Ambiental para Carbono Neutral\u201d. Este Acuerdo permite regularizar todo tipo de actividades relacionadas a la mitigaci\u00f3n de emisiones de carbono.<\/p>\n<p>Reconocimiento Ecuatoriano Ambiental Carbono Neutral<\/p>\n<p>En octubre de 2014 el MAE, a trav\u00e9s de la Subsecretar\u00eda de Cambio Clim\u00e1tico, realiz\u00f3 el lanzamiento del Reconocimiento Ecuatoriano Ambiental Carbono Neutral, un incentivo que puede obtener tanto el sector p\u00fablico como el privado.<\/p>\n<p>Este reconocimiento cuenta con tres etapas:<\/p>\n<ul>\n<li>Inventario de L\u00ednea Base<\/li>\n<li>Estrategia de reducci\u00f3n de emisiones<\/li>\n<li>Estrategia de Compensaci\u00f3n de emisiones<\/li>\n<\/ul>\n<p>Cada una de estas etapas requieren ser aprobadas por el Ministerio del Ambiente (MAE) tanto en su fase de elaboraci\u00f3n como de implementaci\u00f3n de ser caso.<\/p>\n<p>Adicionalmente, esta Cartera de Estado ha establecido una serie de pasos para la calificaci\u00f3n y registro de Consultores de Carbono Neutral:<\/p>\n<ol>\n<li>Llenar la solicitud<\/li>\n<li>Posterior se revisa y se verifica la informaci\u00f3n suministrada<\/li>\n<li>Se realiza una valoraci\u00f3n en base a los par\u00e1metros establecidos<\/li>\n<li>Se procede con la calificaci\u00f3n<\/li>\n<li>Como punto final se realiza el registro como Consultor\n<p>&nbsp;<\/li>\n<\/ol>\n<p>\u00bfCu\u00e1les son los beneficios de ser Carbono Neutral?<\/p>\n<p>Para el Sector Productivo<\/p>\n<ul>\n<li>Mejora su competitividad e imagen corporativa, al aumentar el valor agregado y preferencia comercial de sus productos y servicios, lo cual posibilita el acceso a nuevos mercados;<\/li>\n<li>Atrae inversionistas y fuentes de financiamiento, particularmente de aquellos con conciencia ambiental;<\/li>\n<li>Aumenta la motivaci\u00f3n de los empleados y el conocimiento de sus procesos y productos;<\/li>\n<li>Logra procesos m\u00e1s eficientes con menor uso de materias primas y energ\u00eda reduce la generaci\u00f3n de desechos y emisiones;<\/li>\n<li>Incrementa sus beneficios econ\u00f3micos al mejorar el control de los costos;<\/li>\n<li>Incorpora el concepto de mejoramiento continuo;<\/li>\n<li>Motiva al desarrollo e investigaci\u00f3n de nuevas tecnolog\u00edas dise\u00f1adas para el<\/li>\n<li>Ecuador y con repercusi\u00f3n inmediata en la mitigaci\u00f3n y\/o compensaci\u00f3n de emisiones;<\/li>\n<li>Facilita al postulante el acceso a cr\u00e9ditos verdes;<\/li>\n<li>Facilita el acceso a incentivos tributarios para el postulante.<\/li>\n<\/ul>\n<p>Para el Consumidor<\/p>\n<ul>\n<li>Disponer de mejor y mayor informaci\u00f3n sobre los productos y servicios que se consumen;<\/li>\n<li>Permite el acceso a una mayor oferta de productos y servicios de calidad.<\/li>\n<\/ul>\n<p>Para el Ambiente<\/p>\n<ul>\n<li>Permite el uso racional de materias primas, recursos y otros insumos;<\/li>\n<li>Ayuda a conservar los recursos naturales no renovables;<\/li>\n<li>Reduce emisiones de Gases de Efecto Invernadero;<\/li>\n<li>Permite una armon\u00eda de las actividades productivas con el ecosistema;<\/li>\n<li>Incentiva la implementaci\u00f3n de actividades de conservaci\u00f3n.<\/li>\n<\/ul>\n<p>Incentivos tributarios actuales<\/p>\n<ul>\n<li>Si durante la etapa de reducci\u00f3n de emisiones de gases efecto invernadero se realizan inversiones para la adquisici\u00f3n de maquinarias, equipos o tecnolog\u00edas, es posible acceder al incentivo tributario para la deducci\u00f3n adicional del 100% de la depreciaci\u00f3n y amortizaci\u00f3n a la adquisici\u00f3n de maquinarias, equipos y tecnolog\u00edas que reduzcan emisiones de gases de efecto invernadero.<\/li>\n<li>El Ministerio del Ambiente otorga la autorizaci\u00f3n ambiental para la implementaci\u00f3n de este incentivo, cuyo procedimiento se encuentra contemplado en el Acuerdo del Ministerio del Ambiente No. 027 del a\u00f1o 2012.\/ss-ds<\/li>\n<\/ul>\n<p>Para conocer m\u00e1s sobre Carbono Neutral puedes descargar el folleto aqu\u00ed.<\/p>\n","protected":false},"excerpt":{"rendered":"<p class=\"excerpt\">Aunque la variaci\u00f3n del clima constituye un fen\u00f3meno natural, el problema al que nos enfrentamos hoy en d\u00eda es la alteraci\u00f3n acelerada como consecuencia del aumento de las emisiones de gases de efecto invernadero (GEI) originadas por la actividad humana. El principal gas de efecto invernadero emitido por el hombre es el di\u00f3xido de carbono o CO2, procedente en su&hellip; <a href=\"https:\/\/www.ambienteyenergia.gob.ec\/ambiente\/dia-mundial-de-la-accion-frente-al-calentamiento-terrestre\/\">Read more &rarr;<\/a><\/p>\n","protected":false},"author":13,"featured_media":22884,"comment_status":"open","ping_status":"open","sticky":false,"template":"","format":"standard","meta":{"footnotes":""},"categories":[16,4],"tags":[],"class_list":["post-24168","post","type-post","status-publish","format-standard","has-post-thumbnail","hentry","category-comunicamos","category-noticias","xfolkentry"],"_links":{"self":[{"href":"https:\/\/www.ambienteyenergia.gob.ec\/ambiente\/wp-json\/wp\/v2\/posts\/24168","targetHints":{"allow":["GET"]}}],"collection":[{"href":"https:\/\/www.ambienteyenergia.gob.ec\/ambiente\/wp-json\/wp\/v2\/posts"}],"about":[{"href":"https:\/\/www.ambienteyenergia.gob.ec\/ambiente\/wp-json\/wp\/v2\/types\/post"}],"author":[{"embeddable":true,"href":"https:\/\/www.ambienteyenergia.gob.ec\/ambiente\/wp-json\/wp\/v2\/users\/13"}],"replies":[{"embeddable":true,"href":"https:\/\/www.ambienteyenergia.gob.ec\/ambiente\/wp-json\/wp\/v2\/comments?post=24168"}],"version-history":[{"count":0,"href":"https:\/\/www.ambienteyenergia.gob.ec\/ambiente\/wp-json\/wp\/v2\/posts\/24168\/revisions"}],"wp:featuredmedia":[{"embeddable":true,"href":"https:\/\/www.ambienteyenergia.gob.ec\/ambiente\/wp-json\/wp\/v2\/media\/22884"}],"wp:attachment":[{"href":"https:\/\/www.ambienteyenergia.gob.ec\/ambiente\/wp-json\/wp\/v2\/media?parent=24168"}],"wp:term":[{"taxonomy":"category","embeddable":true,"href":"https:\/\/www.ambienteyenergia.gob.ec\/ambiente\/wp-json\/wp\/v2\/categories?post=24168"},{"taxonomy":"post_tag","embeddable":true,"href":"https:\/\/www.ambienteyenergia.gob.ec\/ambiente\/wp-json\/wp\/v2\/tags?post=24168"}],"curies":[{"name":"wp","href":"https:\/\/api.w.org\/{rel}","templated":true}]}}