{"id":24166,"date":"2015-01-29T16:30:37","date_gmt":"2015-01-29T21:30:37","guid":{"rendered":"http:\/\/www.ambiente.gob.ec\/?p=24166"},"modified":"2015-01-30T16:31:38","modified_gmt":"2015-01-30T21:31:38","slug":"mae-rescato-y-libero-una-gallareta-en-la-provincia-de-chimborazo","status":"publish","type":"post","link":"https:\/\/www.ambienteyenergia.gob.ec\/ambiente\/mae-rescato-y-libero-una-gallareta-en-la-provincia-de-chimborazo\/","title":{"rendered":"MAE rescat\u00f3 y liber\u00f3 una gallareta en la provincia de Chimborazo"},"content":{"rendered":"<p class=\"western\" lang=\"es-MX\" style=\"text-align: justify;\" align=\"justify\"><span style=\"font-family: Arial, serif;\">El Ministerio del Ambiente del Ecuador (MAE), <\/span><span style=\"font-family: Arial, serif;\">gracias a la<\/span><span style=\"font-family: Arial, serif;\"> oportuna intervenci\u00f3n de la ciudadan\u00eda del cant\u00f3n Riobamba, rescat\u00f3 una gallareta purpura, que <\/span><span style=\"font-family: Arial, serif;\">posteriormente fue <\/span><span style=\"font-family: Arial, serif;\">liberad<\/span><span style=\"font-family: Arial, serif;\">a<\/span><span style=\"font-family: Arial, serif;\"> en el sector de Santiago de Quito, ubicada junto a la Laguna de Colta.<\/span><\/p>\n<p class=\"western\" lang=\"es-MX\" style=\"text-align: justify;\" align=\"justify\"><span style=\"font-family: Arial, serif;\">Una llamada telef\u00f3nica inform\u00f3 que un ave silvestre estaba abandonada en las calles c\u00e9ntricas de la urbe riobambe\u00f1a, por tal motivo personal t\u00e9cnico de Vida Silvestre de la Direcci\u00f3n Provincial del Ambiente de Chimborazo, en coordinaci\u00f3n con la Unidad de <\/span><span style=\"font-family: Arial, serif;\">Protecci\u00f3n del Medio Ambiente (UPMA) de la Polic\u00eda Nacional <\/span><span style=\"font-family: Arial, serif;\">acudieron al lugar para verificar y rescatar <\/span><span style=\"font-family: Arial, serif;\">a \u00e9ste esp\u00e9cimen<\/span><span style=\"font-family: Arial, serif;\">.<\/span><\/p>\n<p class=\"western\" lang=\"es-MX\" style=\"text-align: justify;\" align=\"justify\"><a name=\"_GoBack\"><\/a> <span style=\"font-family: Arial, serif;\">Las gallaretas son aves migratorias que habitan en la costa ecuatoriana; comen semillas, hojas y frutas de plantas acu\u00e1ticas y terrestres, as\u00ed como insectos, ranas, ara\u00f1as, caracoles, gusanos y peces. Se especula que el ave sufri\u00f3 de agotamiento y desorientaci\u00f3n durante <\/span><span style=\"font-family: Arial, serif;\">su<\/span><span style=\"font-family: Arial, serif;\"> trayecto lo que <\/span><span style=\"font-family: Arial, serif;\">la<\/span><span style=\"font-family: Arial, serif;\"> oblig\u00f3 a descender en la ciudad.<\/span><\/p>\n<p class=\"western\" lang=\"es-MX\" style=\"text-align: justify;\" align=\"justify\"><span style=\"font-family: Arial, serif;\">El esp\u00e9cimen presentaba buenas condiciones de salud por lo que de inmediato se procedi\u00f3 a la liberaci\u00f3n en la zona de influencia de la Laguna de Colta, zona natural que presenta un ecosistema h\u00famedo o inundado similar al habitad donde se desarrolla la Gallareta.<\/span><\/p>\n<p class=\"western\" lang=\"es-MX\" style=\"text-align: justify;\" align=\"justify\"><span style=\"font-family: Arial, serif;\">Las actividades de educaci\u00f3n ambiental desarrolladas por el MAE en la provincia de Chimborazo fomentan la protecci\u00f3n y conservaci\u00f3n de la biodiversidad del Ecuador.<\/span><\/p>\n<p class=\"western\" lang=\"es-MX\" style=\"text-align: justify;\" align=\"justify\"><span style=\"font-family: Arial, serif;\">En lo que va <\/span><span style=\"font-family: Arial, serif;\">de a\u00f1o<\/span><span style=\"font-family: Arial, serif;\">, el Ministerio del Ambiente ha <\/span><span style=\"font-family: Arial, serif;\">rescatado <\/span><span style=\"font-family: Arial, serif;\">siete<\/span><span style=\"font-family: Arial, serif;\"> espec\u00edmenes de vida silvestre en la provincia entre aves y mam\u00edferos.<\/span><span style=\"font-family: Arial, serif;\">\/<\/span><span style=\"font-family: Arial, serif;\">hc-ds<\/span><\/p>\n","protected":false},"excerpt":{"rendered":"<p class=\"excerpt\">El Ministerio del Ambiente del Ecuador (MAE), gracias a la oportuna intervenci\u00f3n de la ciudadan\u00eda del cant\u00f3n Riobamba, rescat\u00f3 una gallareta purpura, que posteriormente fue liberada en el sector de Santiago de Quito, ubicada junto a la Laguna de Colta. Una llamada telef\u00f3nica inform\u00f3 que un ave silvestre estaba abandonada en las calles c\u00e9ntricas de la urbe riobambe\u00f1a, por tal&hellip; <a href=\"https:\/\/www.ambienteyenergia.gob.ec\/ambiente\/mae-rescato-y-libero-una-gallareta-en-la-provincia-de-chimborazo\/\">Read more &rarr;<\/a><\/p>\n","protected":false},"author":13,"featured_media":23214,"comment_status":"open","ping_status":"open","sticky":false,"template":"","format":"standard","meta":{"footnotes":""},"categories":[16,4],"tags":[],"class_list":["post-24166","post","type-post","status-publish","format-standard","has-post-thumbnail","hentry","category-comunicamos","category-noticias","xfolkentry"],"_links":{"self":[{"href":"https:\/\/www.ambienteyenergia.gob.ec\/ambiente\/wp-json\/wp\/v2\/posts\/24166","targetHints":{"allow":["GET"]}}],"collection":[{"href":"https:\/\/www.ambienteyenergia.gob.ec\/ambiente\/wp-json\/wp\/v2\/posts"}],"about":[{"href":"https:\/\/www.ambienteyenergia.gob.ec\/ambiente\/wp-json\/wp\/v2\/types\/post"}],"author":[{"embeddable":true,"href":"https:\/\/www.ambienteyenergia.gob.ec\/ambiente\/wp-json\/wp\/v2\/users\/13"}],"replies":[{"embeddable":true,"href":"https:\/\/www.ambienteyenergia.gob.ec\/ambiente\/wp-json\/wp\/v2\/comments?post=24166"}],"version-history":[{"count":0,"href":"https:\/\/www.ambienteyenergia.gob.ec\/ambiente\/wp-json\/wp\/v2\/posts\/24166\/revisions"}],"wp:featuredmedia":[{"embeddable":true,"href":"https:\/\/www.ambienteyenergia.gob.ec\/ambiente\/wp-json\/wp\/v2\/media\/23214"}],"wp:attachment":[{"href":"https:\/\/www.ambienteyenergia.gob.ec\/ambiente\/wp-json\/wp\/v2\/media?parent=24166"}],"wp:term":[{"taxonomy":"category","embeddable":true,"href":"https:\/\/www.ambienteyenergia.gob.ec\/ambiente\/wp-json\/wp\/v2\/categories?post=24166"},{"taxonomy":"post_tag","embeddable":true,"href":"https:\/\/www.ambienteyenergia.gob.ec\/ambiente\/wp-json\/wp\/v2\/tags?post=24166"}],"curies":[{"name":"wp","href":"https:\/\/api.w.org\/{rel}","templated":true}]}}