{"id":24162,"date":"2015-01-29T16:28:02","date_gmt":"2015-01-29T21:28:02","guid":{"rendered":"http:\/\/www.ambiente.gob.ec\/?p=24162"},"modified":"2015-01-30T16:28:26","modified_gmt":"2015-01-30T21:28:26","slug":"oportunidades-del-reconocimiento-ecuatoriano-ambiental-carbono-neutral-se-exponen-en-guayaquil","status":"publish","type":"post","link":"https:\/\/www.ambienteyenergia.gob.ec\/ambiente\/oportunidades-del-reconocimiento-ecuatoriano-ambiental-carbono-neutral-se-exponen-en-guayaquil\/","title":{"rendered":"Oportunidades del Reconocimiento Ecuatoriano Ambiental Carbono Neutral se exponen en Guayaquil"},"content":{"rendered":"<p align=\"justify\"><span style=\"font-family: Arial, serif;\">El Ministerio del Ambiente <\/span><span style=\"font-family: Arial, serif;\">(MAE),<\/span><span style=\"font-family: Arial, serif;\"> a trav\u00e9s de la Subsecretar\u00eda de Cambio Clim\u00e1tico particip\u00f3 en el Taller \u00abRetos y Oportunidades Empresariales en el C\u00e1lculo de Huella de Carbono\u00bb organizado por el Consejo Empresarial para el Desarrollo Sostenible del Ecuador (CEMDES) en la ciudad de Guayaquil.<\/span><\/p>\n<p align=\"justify\"><span style=\"font-family: Arial, serif;\">En este taller participaron empresas del sector privado dedicadas a la provisi\u00f3n de servicios y producci\u00f3n de bienes que tienen inter\u00e9s en implementar actividades de mitigaci\u00f3n del cambio clim\u00e1tico.<\/span><\/p>\n<p align=\"justify\"><span style=\"font-family: Arial, serif;\">Laura Salgado, Coordinadora de la Unidad de Gesti\u00f3n y Control de la Mitigaci\u00f3n del Cambio Clim\u00e1tico present\u00f3 los conceptos y funcionalidad del Reconocimiento Ecuatoriano Ambiental Carbono Neutral, haciendo \u00e9nfasis en los beneficios que <\/span><span style=\"font-family: Arial, serif;\">\u00e9<\/span><span style=\"font-family: Arial, serif;\">ste puede tener para el consumidor y para las empresas. <\/span><\/p>\n<p align=\"justify\"><a name=\"_GoBack\"><\/a> <span style=\"font-family: Arial, serif;\">El <\/span><span style=\"font-family: Arial, serif;\">MAE<\/span><span style=\"font-family: Arial, serif;\"> lidera la gesti\u00f3n del cambio clim\u00e1tico a nivel nacional y en este sentido ha emitido tres Acuerdos Ministeriales (141, 264 y 265 e<\/span><span style=\"font-family: Arial, serif;\">n<\/span><span style=\"font-family: Arial, serif;\"> 2014) que normalizan la implementaci\u00f3n de actividades sobre el Reconocimiento Ecuatoriano Ambiental Carbono Neutral. <\/span><\/p>\n<p align=\"justify\"><span style=\"font-family: Arial, serif;\">Salgado explic\u00f3 que e<\/span><span style=\"font-family: Arial, serif;\">sta Cartera de Estado<\/span><span style=\"font-family: Arial, serif;\"> propone el uso de metodolog\u00edas y la realizaci\u00f3n de actividades de fortalecimiento de capacidades para las personas o empresas que se interesen en registrarse como consultores de carbono neutral.<\/span><\/p>\n<p align=\"justify\">\u201c<span style=\"font-family: Arial, serif;\">Medir, reportar, verificar y compensar las emisiones permite a las organizaciones y empresas reducir los impactos al ambiente producto de sus operaciones, otorga una ventaja competitiva y posibilidad de posicionamiento en el mercado, reducir costos de operaci\u00f3n y optimizar sus procesos\u201d, recalc\u00f3 la funcionaria.\/<\/span><span style=\"font-family: Arial, serif;\">ss-ds<\/span><\/p>\n","protected":false},"excerpt":{"rendered":"<p class=\"excerpt\">El Ministerio del Ambiente (MAE), a trav\u00e9s de la Subsecretar\u00eda de Cambio Clim\u00e1tico particip\u00f3 en el Taller \u00abRetos y Oportunidades Empresariales en el C\u00e1lculo de Huella de Carbono\u00bb organizado por el Consejo Empresarial para el Desarrollo Sostenible del Ecuador (CEMDES) en la ciudad de Guayaquil. En este taller participaron empresas del sector privado dedicadas a la provisi\u00f3n de servicios y&hellip; <a href=\"https:\/\/www.ambienteyenergia.gob.ec\/ambiente\/oportunidades-del-reconocimiento-ecuatoriano-ambiental-carbono-neutral-se-exponen-en-guayaquil\/\">Read more &rarr;<\/a><\/p>\n","protected":false},"author":13,"featured_media":23214,"comment_status":"open","ping_status":"open","sticky":false,"template":"","format":"standard","meta":{"footnotes":""},"categories":[16,4],"tags":[],"class_list":["post-24162","post","type-post","status-publish","format-standard","has-post-thumbnail","hentry","category-comunicamos","category-noticias","xfolkentry"],"_links":{"self":[{"href":"https:\/\/www.ambienteyenergia.gob.ec\/ambiente\/wp-json\/wp\/v2\/posts\/24162","targetHints":{"allow":["GET"]}}],"collection":[{"href":"https:\/\/www.ambienteyenergia.gob.ec\/ambiente\/wp-json\/wp\/v2\/posts"}],"about":[{"href":"https:\/\/www.ambienteyenergia.gob.ec\/ambiente\/wp-json\/wp\/v2\/types\/post"}],"author":[{"embeddable":true,"href":"https:\/\/www.ambienteyenergia.gob.ec\/ambiente\/wp-json\/wp\/v2\/users\/13"}],"replies":[{"embeddable":true,"href":"https:\/\/www.ambienteyenergia.gob.ec\/ambiente\/wp-json\/wp\/v2\/comments?post=24162"}],"version-history":[{"count":0,"href":"https:\/\/www.ambienteyenergia.gob.ec\/ambiente\/wp-json\/wp\/v2\/posts\/24162\/revisions"}],"wp:featuredmedia":[{"embeddable":true,"href":"https:\/\/www.ambienteyenergia.gob.ec\/ambiente\/wp-json\/wp\/v2\/media\/23214"}],"wp:attachment":[{"href":"https:\/\/www.ambienteyenergia.gob.ec\/ambiente\/wp-json\/wp\/v2\/media?parent=24162"}],"wp:term":[{"taxonomy":"category","embeddable":true,"href":"https:\/\/www.ambienteyenergia.gob.ec\/ambiente\/wp-json\/wp\/v2\/categories?post=24162"},{"taxonomy":"post_tag","embeddable":true,"href":"https:\/\/www.ambienteyenergia.gob.ec\/ambiente\/wp-json\/wp\/v2\/tags?post=24162"}],"curies":[{"name":"wp","href":"https:\/\/api.w.org\/{rel}","templated":true}]}}