{"id":24159,"date":"2015-01-29T16:23:47","date_gmt":"2015-01-29T21:23:47","guid":{"rendered":"http:\/\/www.ambiente.gob.ec\/?p=24159"},"modified":"2015-01-30T16:24:05","modified_gmt":"2015-01-30T21:24:05","slug":"nayon-festeja-con-desfile-estudiantil-el-dia-mundial-de-la-educacion-ambiental","status":"publish","type":"post","link":"https:\/\/www.ambienteyenergia.gob.ec\/ambiente\/nayon-festeja-con-desfile-estudiantil-el-dia-mundial-de-la-educacion-ambiental\/","title":{"rendered":"Nay\u00f3n festeja con desfile estudiantil el D\u00eda Mundial de la Educaci\u00f3n Ambiental"},"content":{"rendered":"<p style=\"text-align: justify;\">El parque central de Nay\u00f3n, fue el escenario en el que cerca de 100 ni\u00f1as y ni\u00f1os de la Unidad Educativa Costa Rica participaron de un desfile en conmemoraci\u00f3n de la semana de Educaci\u00f3n Ambiental.<\/p>\n<p style=\"text-align: justify;\">La parroquia de Nay\u00f3n es un actor fundamental para el Ministerio del Ambiente de Ecuador, pues ha contribuido de forma permanente con la protecci\u00f3n del ambiente, por medio del v\u00ednculo entre los actores pol\u00edticos, sociales, comunitarios con el objetivo de ser un ejemplo de compromiso y trabajo por un desarrollo sostenible y equilibrado.<\/p>\n<p style=\"text-align: justify;\">El 26 de enero se celebra a nivel mundial el d\u00eda de la Educaci\u00f3n Ambiental con el objetivo de generar conciencia sobre la importancia del ambiente y promover en la ciudadan\u00eda el desarrollo de valores y nuevas actitudes que contribuyan a la soluci\u00f3n de los problemas ambientales que enfrentamos en la actualidad.<\/p>\n<p style=\"text-align: justify;\">Con un desfile por motivo del d\u00eda de la Educaci\u00f3n Ambiental encabezado por bastoneras, acompa\u00f1adas por la banda musical, los estudiantes de la unidad educativa recorrieron Nay\u00f3n con mensajes alusivos sobre consumo responsable, protecci\u00f3n del patrimonio natural, gesti\u00f3n de desechos s\u00f3lidos, entre otros.<\/p>\n<p style=\"text-align: justify;\">Al finalizar el recorrido, Valeria Andrade, Coordinadora de la Unidad de Educaci\u00f3n Ambiental del MAE, felicito por el compromiso demostrado por los alumnos. \u201cHoy por hoy conservar el ambiente, nuestros recursos naturales, es un acto acto de reveldia. Es mostrar que nosotro podemos generar grandes cambios con peque\u00f1as acciones que beneficien a todo nuestro entorno para hacer de \u00e9ste, un mundo mejor\u201d.<\/p>\n<p style=\"text-align: justify;\">Al finalizar el evento el MAE realiz\u00f3 la entrega de reconocimientos a las representantes de la Junta Parroquial y la Unidad Educativa Costa Rica.<\/p>\n<p style=\"text-align: justify;\"><strong>El Dato<\/strong><\/p>\n<p style=\"text-align: justify;\">Nay\u00f3n cuenta con 30 promotores ambientales comunitarios que se han capacitado sobre Gesti\u00f3n Ambiental, Desarrollo Sostenible, Problemas Ambientales y Educaci\u00f3n Ambiental Comunitaria como parte del Proyecto Ecotalleres, iniciativa impulsada por esta Cartera de Estado.\/ds<\/p>\n","protected":false},"excerpt":{"rendered":"<p class=\"excerpt\">El parque central de Nay\u00f3n, fue el escenario en el que cerca de 100 ni\u00f1as y ni\u00f1os de la Unidad Educativa Costa Rica participaron de un desfile en conmemoraci\u00f3n de la semana de Educaci\u00f3n Ambiental. La parroquia de Nay\u00f3n es un actor fundamental para el Ministerio del Ambiente de Ecuador, pues ha contribuido de forma permanente con la protecci\u00f3n del&hellip; <a href=\"https:\/\/www.ambienteyenergia.gob.ec\/ambiente\/nayon-festeja-con-desfile-estudiantil-el-dia-mundial-de-la-educacion-ambiental\/\">Read more &rarr;<\/a><\/p>\n","protected":false},"author":13,"featured_media":23214,"comment_status":"open","ping_status":"open","sticky":false,"template":"","format":"standard","meta":{"footnotes":""},"categories":[16,4],"tags":[],"class_list":["post-24159","post","type-post","status-publish","format-standard","has-post-thumbnail","hentry","category-comunicamos","category-noticias","xfolkentry"],"_links":{"self":[{"href":"https:\/\/www.ambienteyenergia.gob.ec\/ambiente\/wp-json\/wp\/v2\/posts\/24159","targetHints":{"allow":["GET"]}}],"collection":[{"href":"https:\/\/www.ambienteyenergia.gob.ec\/ambiente\/wp-json\/wp\/v2\/posts"}],"about":[{"href":"https:\/\/www.ambienteyenergia.gob.ec\/ambiente\/wp-json\/wp\/v2\/types\/post"}],"author":[{"embeddable":true,"href":"https:\/\/www.ambienteyenergia.gob.ec\/ambiente\/wp-json\/wp\/v2\/users\/13"}],"replies":[{"embeddable":true,"href":"https:\/\/www.ambienteyenergia.gob.ec\/ambiente\/wp-json\/wp\/v2\/comments?post=24159"}],"version-history":[{"count":0,"href":"https:\/\/www.ambienteyenergia.gob.ec\/ambiente\/wp-json\/wp\/v2\/posts\/24159\/revisions"}],"wp:featuredmedia":[{"embeddable":true,"href":"https:\/\/www.ambienteyenergia.gob.ec\/ambiente\/wp-json\/wp\/v2\/media\/23214"}],"wp:attachment":[{"href":"https:\/\/www.ambienteyenergia.gob.ec\/ambiente\/wp-json\/wp\/v2\/media?parent=24159"}],"wp:term":[{"taxonomy":"category","embeddable":true,"href":"https:\/\/www.ambienteyenergia.gob.ec\/ambiente\/wp-json\/wp\/v2\/categories?post=24159"},{"taxonomy":"post_tag","embeddable":true,"href":"https:\/\/www.ambienteyenergia.gob.ec\/ambiente\/wp-json\/wp\/v2\/tags?post=24159"}],"curies":[{"name":"wp","href":"https:\/\/api.w.org\/{rel}","templated":true}]}}