{"id":24157,"date":"2015-01-29T16:21:21","date_gmt":"2015-01-29T21:21:21","guid":{"rendered":"http:\/\/www.ambiente.gob.ec\/?p=24157"},"modified":"2015-01-30T16:30:11","modified_gmt":"2015-01-30T21:30:11","slug":"144-atletas-se-dieron-cita-en-la-reserva-ecologica-cotacachi-cayapas","status":"publish","type":"post","link":"https:\/\/www.ambienteyenergia.gob.ec\/ambiente\/144-atletas-se-dieron-cita-en-la-reserva-ecologica-cotacachi-cayapas\/","title":{"rendered":"144 atletas se dieron cita en la Reserva Ecol\u00f3gica Cotacachi Cayapas"},"content":{"rendered":"<p class=\"western\" align=\"justify\"><span style=\"font-family: Arial, sans-serif;\">Las \u00c1reas Naturales Protegidas son espacios en los que intervienen numerosos actores, tanto p\u00fablicos, privados y comunitarios, en diferentes niveles, instancias y competencias.<\/span><\/p>\n<p class=\"western\" align=\"justify\"><span style=\"font-family: Arial, sans-serif;\">Es por tal motivo que, y con el objetivo de fomentar el turismo dentro de las \u00e1reas protegidas,<\/span><span style=\"font-family: Arial, sans-serif;\"> R<\/span><span style=\"font-family: Arial, sans-serif;\">eserva <\/span><span style=\"font-family: Arial, sans-serif;\">E<\/span><span style=\"font-family: Arial, sans-serif;\">col\u00f3gica <\/span><span style=\"font-family: Arial, sans-serif;\">C<\/span><span style=\"font-family: Arial, sans-serif;\">otacachi <\/span><span style=\"font-family: Arial, sans-serif;\">C<\/span><span style=\"font-family: Arial, sans-serif;\">ayapas (RECC) <\/span><span style=\"font-family: Arial, sans-serif;\">fue <\/span><span style=\"font-family: Arial, sans-serif;\">el escenario de la<\/span><span style=\"font-family: Arial, sans-serif;\">competencia atl\u00e9tica Urku Ultra Trail auspiciada <\/span><span style=\"font-family: Arial, sans-serif;\">por el Ministerio del Ambiente de Ecuador (MAE) en conjunto con <\/span><span style=\"font-family: Arial, sans-serif;\">varias organizaciones. <\/span><\/p>\n<p class=\"western\" align=\"justify\"><span style=\"font-family: Arial, sans-serif;\">Cerca de<\/span><span style=\"font-family: Arial, sans-serif;\"> 70 k<\/span><span style=\"font-family: Arial, sans-serif;\">il\u00f3metros <\/span><span style=\"font-family: Arial, sans-serif;\">de trail running, <\/span><span style=\"font-family: Arial, sans-serif;\">dividid<\/span><span style=\"font-family: Arial, sans-serif;\">o<\/span><span style=\"font-family: Arial, sans-serif;\">s<\/span><span style=\"font-family: Arial, sans-serif;\"> en <\/span><span style=\"font-family: Arial, sans-serif;\">dos<\/span><span style=\"font-family: Arial, sans-serif;\">d\u00edas de competencia<\/span><span style=\"font-family: Arial, sans-serif;\">, <\/span><span style=\"font-family: Arial, sans-serif;\">fue el principal atractivo para los 144 atletas que participaron, distribuidos en 72 equipos de las 24 provincias<\/span><span style=\"font-family: Arial, sans-serif;\">. <\/span><\/p>\n<p class=\"western\" align=\"justify\"><span style=\"font-family: Arial, sans-serif;\">La ruta inici<\/span><span style=\"font-family: Arial, sans-serif;\">\u00f3 <\/span><span style=\"font-family: Arial, sans-serif;\">el pasado 24 de enero<\/span><span style=\"font-family: Arial, sans-serif;\"> en la Hacienda San Isidro de la comunidad de Iltaqu\u00ed, recorriendo los senderos de Topo- Cotacachi Loma y Gorky Campuzano del distrito Cuicocha.<\/span><\/p>\n<p class=\"western\" align=\"justify\"><span style=\"font-family: Arial, sans-serif;\">Los ganadores fueron Edison Rivera y Joaqu\u00edn L\u00f3pez de la provincia de Pichincha, quienes felicitar<\/span><span style=\"font-family: Arial, sans-serif;\">on<\/span><span style=\"font-family: Arial, sans-serif;\"> a la organizaci\u00f3n por tomar el riesgo de realizar un evento de tal magnitud. \u201c<\/span><span style=\"font-family: Arial, sans-serif;\">Agradecemos al Ministerio del Ambiente y dem\u00e1s instituciones y empresas que aportaron con los recursos necesarios para que esta<\/span><span style=\"font-family: Arial, sans-serif;\"> carrera <\/span><span style=\"font-family: Arial, sans-serif;\">se la realice de la mejor manera.<\/span><span style=\"font-family: Arial, sans-serif;\">S<\/span><span style=\"font-family: Arial, sans-serif;\">u aporte <\/span><span style=\"font-family: Arial, sans-serif;\">a este hermoso deporte es <\/span><span style=\"font-family: Arial, sans-serif;\">es invalorable\u201d, <\/span><span style=\"font-family: Arial, sans-serif;\">comentaron.<\/span><\/p>\n<p class=\"western\" align=\"justify\"><span style=\"font-family: Arial, sans-serif;\">Esta es la primera vez que la carrera Urku Ultra Trail visita la Reserva Ecol\u00f3gica Cotacachi Cayapas. <\/span><span style=\"font-family: Arial, sans-serif;\">Por sus condiciones clim\u00e1ticas, paisajes y por su nivel de exigencia \u00e9sta competencia podr\u00eda ser incluida en el calendario de los organizadores de forma permanente.\/li-ds<\/span><\/p>\n","protected":false},"excerpt":{"rendered":"<p class=\"excerpt\">Las \u00c1reas Naturales Protegidas son espacios en los que intervienen numerosos actores, tanto p\u00fablicos, privados y comunitarios, en diferentes niveles, instancias y competencias. Es por tal motivo que, y con el objetivo de fomentar el turismo dentro de las \u00e1reas protegidas, Reserva Ecol\u00f3gica Cotacachi Cayapas (RECC) fue el escenario de lacompetencia atl\u00e9tica Urku Ultra Trail auspiciada por el Ministerio del&hellip; <a href=\"https:\/\/www.ambienteyenergia.gob.ec\/ambiente\/144-atletas-se-dieron-cita-en-la-reserva-ecologica-cotacachi-cayapas\/\">Read more &rarr;<\/a><\/p>\n","protected":false},"author":13,"featured_media":23214,"comment_status":"open","ping_status":"open","sticky":false,"template":"","format":"standard","meta":{"footnotes":""},"categories":[16,4],"tags":[],"class_list":["post-24157","post","type-post","status-publish","format-standard","has-post-thumbnail","hentry","category-comunicamos","category-noticias","xfolkentry"],"_links":{"self":[{"href":"https:\/\/www.ambienteyenergia.gob.ec\/ambiente\/wp-json\/wp\/v2\/posts\/24157","targetHints":{"allow":["GET"]}}],"collection":[{"href":"https:\/\/www.ambienteyenergia.gob.ec\/ambiente\/wp-json\/wp\/v2\/posts"}],"about":[{"href":"https:\/\/www.ambienteyenergia.gob.ec\/ambiente\/wp-json\/wp\/v2\/types\/post"}],"author":[{"embeddable":true,"href":"https:\/\/www.ambienteyenergia.gob.ec\/ambiente\/wp-json\/wp\/v2\/users\/13"}],"replies":[{"embeddable":true,"href":"https:\/\/www.ambienteyenergia.gob.ec\/ambiente\/wp-json\/wp\/v2\/comments?post=24157"}],"version-history":[{"count":0,"href":"https:\/\/www.ambienteyenergia.gob.ec\/ambiente\/wp-json\/wp\/v2\/posts\/24157\/revisions"}],"wp:featuredmedia":[{"embeddable":true,"href":"https:\/\/www.ambienteyenergia.gob.ec\/ambiente\/wp-json\/wp\/v2\/media\/23214"}],"wp:attachment":[{"href":"https:\/\/www.ambienteyenergia.gob.ec\/ambiente\/wp-json\/wp\/v2\/media?parent=24157"}],"wp:term":[{"taxonomy":"category","embeddable":true,"href":"https:\/\/www.ambienteyenergia.gob.ec\/ambiente\/wp-json\/wp\/v2\/categories?post=24157"},{"taxonomy":"post_tag","embeddable":true,"href":"https:\/\/www.ambienteyenergia.gob.ec\/ambiente\/wp-json\/wp\/v2\/tags?post=24157"}],"curies":[{"name":"wp","href":"https:\/\/api.w.org\/{rel}","templated":true}]}}