{"id":24153,"date":"2015-01-29T16:16:19","date_gmt":"2015-01-29T21:16:19","guid":{"rendered":"http:\/\/www.ambiente.gob.ec\/?p=24153"},"modified":"2015-01-30T16:18:01","modified_gmt":"2015-01-30T21:18:01","slug":"mae-apoya-la-iniciativa-del-sector-privado-de-unirse-al-proceso-de-gestion-integral-de-neumaticos-fuera-de-uso-nfu","status":"publish","type":"post","link":"https:\/\/www.ambienteyenergia.gob.ec\/ambiente\/mae-apoya-la-iniciativa-del-sector-privado-de-unirse-al-proceso-de-gestion-integral-de-neumaticos-fuera-de-uso-nfu\/","title":{"rendered":"MAE apoya la iniciativa del sector privado de unirse al proceso de gesti\u00f3n integral de neum\u00e1ticos fuera de uso (NFU)"},"content":{"rendered":"<p class=\"western\" align=\"justify\"><span style=\"font-family: Calibri, sans-serif;\">Ayer, el sector productor\/importador de neum\u00e1ticos se dio cita para exponer el Sistema Integrado de Gesti\u00f3n de Neum\u00e1ticos Usados (SIGNUS) el cual ha dado excelentes resultados en otros pa\u00edses como Espa\u00f1a. Actualmente la empresa privada ecuatoriana busca integrarse para cumplir con sus obligaciones ambientales, espec\u00edficamente con el Acuerdo Ministerial N\u00b0 020, sobre la responsabilidad extendida del productor\/importador de neum\u00e1ticos.<\/span><\/p>\n<p class=\"western\" align=\"justify\">\n<p class=\"western\" align=\"justify\"><span style=\"font-family: Calibri, sans-serif;\">Este fue el motivo por el cual la Ministra del Ambiente, Lorena Tapia, fue invitada para conocer y motivar a que esta idea se concrete. \u201cPara nuestro ministerio <\/span><span style=\"font-family: Calibri, sans-serif;\">es de <\/span><span style=\"font-family: Calibri, sans-serif;\">enorme satisfacci\u00f3n que los empresarios se encuentren reunidos para analizar el cumplimiento de la normativa ambiental vigente. Cuenten con nosotros para lo que sea necesario\u201d, indic\u00f3 y adem\u00e1s dijo que \u201cEcuador ya cambi\u00f3, y seguir\u00e1 cambiando gracias al fortalecimiento de esta conciencia, esta responsabilidad ambiental que todos debemos cultivar\u201d.<\/span><\/p>\n<p class=\"western\" align=\"justify\">\n<p class=\"western\" align=\"justify\"><span style=\"font-family: Calibri, sans-serif;\">De igual manera en este evento se expusieron las ventajas del reciclaje de N<\/span><span style=\"font-family: Calibri, sans-serif;\">eum\u00e1ticos <\/span><span style=\"font-family: Calibri, sans-serif;\">F<\/span><span style=\"font-family: Calibri, sans-serif;\">uera de <\/span><span style=\"font-family: Calibri, sans-serif;\">U<\/span><span style=\"font-family: Calibri, sans-serif;\">so<\/span><span style=\"font-family: Calibri, sans-serif;\">, el cual aportar\u00e1 en gran medida al cambio de la matriz productiva que impulsa el Gobierno Nacional. \u201cEs importante se\u00f1alar que respecto al reciclaje de los neum\u00e1ticos que se han movilizado ya se coordinan acciones para la producci\u00f3n de diferentes productos. Entre ellos el polvo de caucho, con el cual se est\u00e1n realizando pruebas para cubrir fisuras presentadas en las carreteras del pa\u00eds. Tal gesti\u00f3n se coordina con el Ministerio de Transporte y Obras P\u00fablicas, y, al momento, las primeras pruebas ya presentan resultados positivos\u201d, se\u00f1al\u00f3 la <\/span><span style=\"font-family: Calibri, sans-serif;\">m\u00e1xima<\/span><span style=\"font-family: Calibri, sans-serif;\"> Autoridad Ambiental.<\/span><\/p>\n<p class=\"western\" align=\"justify\">\n<p class=\"western\" align=\"justify\"><span style=\"font-family: Calibri, sans-serif;\">Los importadores y productores de llantas en el pa\u00eds se mostraron interesados en la implementaci\u00f3n de esta propuesta debido a que el Principio de Responsabilidad Extendida del Productor y las asociaciones son de alcance internacional y funcionan de manera eficaz.<\/span><\/p>\n<p class=\"western\" align=\"justify\">\n<p class=\"western\" align=\"justify\"><span style=\"font-family: Calibri, sans-serif;\">De su lado, la Gerente del Programa Nacional de Gesti\u00f3n Integral de Desechos S\u00f3lidos (MAE-PNGIDS), Paula Guerra, se\u00f1al\u00f3 que se han llevado a cabo m\u00e1s de 100 mesas de trabajo con la industria y los resultados ya son visibles. \u201cEn el 2014 recolectamos <\/span><span style=\"color: #000000;\"><span style=\"font-family: Calibri, sans-serif;\">578 105 neum\u00e1ticos fuera de uso y la meta esperada en un inicio era de 552 434. Por lo cual, nos enorgullece decir que se sobrepas\u00f3 la meta en un 105%. Esto no hubiera sido posible sin el compromiso de la empresa privada\u201d.<\/span><\/span><span style=\"color: #000000;\"><span style=\"font-family: Calibri, sans-serif;\">\/ba-ds<\/span><\/span><\/p>\n","protected":false},"excerpt":{"rendered":"<p class=\"excerpt\">Ayer, el sector productor\/importador de neum\u00e1ticos se dio cita para exponer el Sistema Integrado de Gesti\u00f3n de Neum\u00e1ticos Usados (SIGNUS) el cual ha dado excelentes resultados en otros pa\u00edses como Espa\u00f1a. Actualmente la empresa privada ecuatoriana busca integrarse para cumplir con sus obligaciones ambientales, espec\u00edficamente con el Acuerdo Ministerial N\u00b0 020, sobre la responsabilidad extendida del productor\/importador de neum\u00e1ticos. Este&hellip; <a href=\"https:\/\/www.ambienteyenergia.gob.ec\/ambiente\/mae-apoya-la-iniciativa-del-sector-privado-de-unirse-al-proceso-de-gestion-integral-de-neumaticos-fuera-de-uso-nfu\/\">Read more &rarr;<\/a><\/p>\n","protected":false},"author":13,"featured_media":23214,"comment_status":"open","ping_status":"open","sticky":false,"template":"","format":"standard","meta":{"footnotes":""},"categories":[16,4],"tags":[],"class_list":["post-24153","post","type-post","status-publish","format-standard","has-post-thumbnail","hentry","category-comunicamos","category-noticias","xfolkentry"],"_links":{"self":[{"href":"https:\/\/www.ambienteyenergia.gob.ec\/ambiente\/wp-json\/wp\/v2\/posts\/24153","targetHints":{"allow":["GET"]}}],"collection":[{"href":"https:\/\/www.ambienteyenergia.gob.ec\/ambiente\/wp-json\/wp\/v2\/posts"}],"about":[{"href":"https:\/\/www.ambienteyenergia.gob.ec\/ambiente\/wp-json\/wp\/v2\/types\/post"}],"author":[{"embeddable":true,"href":"https:\/\/www.ambienteyenergia.gob.ec\/ambiente\/wp-json\/wp\/v2\/users\/13"}],"replies":[{"embeddable":true,"href":"https:\/\/www.ambienteyenergia.gob.ec\/ambiente\/wp-json\/wp\/v2\/comments?post=24153"}],"version-history":[{"count":0,"href":"https:\/\/www.ambienteyenergia.gob.ec\/ambiente\/wp-json\/wp\/v2\/posts\/24153\/revisions"}],"wp:featuredmedia":[{"embeddable":true,"href":"https:\/\/www.ambienteyenergia.gob.ec\/ambiente\/wp-json\/wp\/v2\/media\/23214"}],"wp:attachment":[{"href":"https:\/\/www.ambienteyenergia.gob.ec\/ambiente\/wp-json\/wp\/v2\/media?parent=24153"}],"wp:term":[{"taxonomy":"category","embeddable":true,"href":"https:\/\/www.ambienteyenergia.gob.ec\/ambiente\/wp-json\/wp\/v2\/categories?post=24153"},{"taxonomy":"post_tag","embeddable":true,"href":"https:\/\/www.ambienteyenergia.gob.ec\/ambiente\/wp-json\/wp\/v2\/tags?post=24153"}],"curies":[{"name":"wp","href":"https:\/\/api.w.org\/{rel}","templated":true}]}}