{"id":24151,"date":"2015-01-28T16:15:24","date_gmt":"2015-01-28T21:15:24","guid":{"rendered":"http:\/\/www.ambiente.gob.ec\/?p=24151"},"modified":"2015-01-30T16:16:14","modified_gmt":"2015-01-30T21:16:14","slug":"mae-dicto-taller-de-educacion-ambiental-a-estudiantes-del-colegio-once-de-febrero-en-nayon","status":"publish","type":"post","link":"https:\/\/www.ambienteyenergia.gob.ec\/ambiente\/mae-dicto-taller-de-educacion-ambiental-a-estudiantes-del-colegio-once-de-febrero-en-nayon\/","title":{"rendered":"MAE dict\u00f3 Taller de Educaci\u00f3n Ambiental a estudiantes del Colegio Once de Febrero en Nay\u00f3n"},"content":{"rendered":"<p style=\"text-align: justify;\">La comunidad educativa es sin duda uno de los sectores sociales clave en la contribuci\u00f3n a la protecci\u00f3n del medio ambiente; desde esta perspectiva el Ministerio del Ambiente del Ecuador dict\u00f3 un Taller de Educaci\u00f3n Ambiental a estudiantes del Colegio Once de Febrero, ubicado en Nay\u00f3n.<\/p>\n<p style=\"text-align: justify;\">El taller cont\u00f3 con la participaci\u00f3n de estudiantes de 1ero y 2do de Bachillerato, quienes fueron capacitados sobre los objetivos e importancia de la Educaci\u00f3n Ambiental y las directrices de la Campa\u00f1a \u201cSembrando vida en tu ladera\u201d.<\/p>\n<p style=\"text-align: justify;\">\n<p style=\"text-align: justify;\">\u201cLa Educaci\u00f3n Ambiental es el proceso formativo que consiste en reconocer valores y actitudes necesarias para comprender y mejorar las interrelaci\u00f3n entre el hombre, su medio biof\u00edsico y social\u201d se\u00f1al\u00f3 Carolina Rivas, T\u00e9cnica del Ministerio de Ambiente.<\/p>\n<p style=\"text-align: justify;\">Para Nancy Loyola, rectora de esta instituci\u00f3n, las iniciativas que lleva adelante el MAE son de suma importancia, ya que permiten a los estudiantes tener conocimiento acerca del cuidado ambiental e incentivarse para generar acciones positivas con el medio ambiente, tanto dentro del colegio como en la comunidad y en sus hogares.<\/p>\n<p style=\"text-align: justify;\">A esta actividad se sumar\u00e1 la recuperaci\u00f3n de espacios verdes p\u00fablicos que han sido afectados por los incendios forestales en Nay\u00f3n; para ello se proyecta realizar una gran jornada de reforestaci\u00f3n este viernes 30 de enero de 9:00 a 14:00.<\/p>\n<p style=\"text-align: justify;\">El Ministerio del Ambiente contar\u00e1 con la participaci\u00f3n de 70 estudiantes de Bachillerato del Colegio Once de Febrero, comprometidos con la construcci\u00f3n de un Ecuador m\u00e1s Verde.<\/p>\n<p style=\"text-align: justify;\">SJ \/MH<\/p>\n","protected":false},"excerpt":{"rendered":"<p class=\"excerpt\">La comunidad educativa es sin duda uno de los sectores sociales clave en la contribuci\u00f3n a la protecci\u00f3n del medio ambiente; desde esta perspectiva el Ministerio del Ambiente del Ecuador dict\u00f3 un Taller de Educaci\u00f3n Ambiental a estudiantes del Colegio Once de Febrero, ubicado en Nay\u00f3n. El taller cont\u00f3 con la participaci\u00f3n de estudiantes de 1ero y 2do de Bachillerato,&hellip; <a href=\"https:\/\/www.ambienteyenergia.gob.ec\/ambiente\/mae-dicto-taller-de-educacion-ambiental-a-estudiantes-del-colegio-once-de-febrero-en-nayon\/\">Read more &rarr;<\/a><\/p>\n","protected":false},"author":13,"featured_media":23214,"comment_status":"open","ping_status":"open","sticky":false,"template":"","format":"standard","meta":{"footnotes":""},"categories":[16,4],"tags":[],"class_list":["post-24151","post","type-post","status-publish","format-standard","has-post-thumbnail","hentry","category-comunicamos","category-noticias","xfolkentry"],"_links":{"self":[{"href":"https:\/\/www.ambienteyenergia.gob.ec\/ambiente\/wp-json\/wp\/v2\/posts\/24151","targetHints":{"allow":["GET"]}}],"collection":[{"href":"https:\/\/www.ambienteyenergia.gob.ec\/ambiente\/wp-json\/wp\/v2\/posts"}],"about":[{"href":"https:\/\/www.ambienteyenergia.gob.ec\/ambiente\/wp-json\/wp\/v2\/types\/post"}],"author":[{"embeddable":true,"href":"https:\/\/www.ambienteyenergia.gob.ec\/ambiente\/wp-json\/wp\/v2\/users\/13"}],"replies":[{"embeddable":true,"href":"https:\/\/www.ambienteyenergia.gob.ec\/ambiente\/wp-json\/wp\/v2\/comments?post=24151"}],"version-history":[{"count":0,"href":"https:\/\/www.ambienteyenergia.gob.ec\/ambiente\/wp-json\/wp\/v2\/posts\/24151\/revisions"}],"wp:featuredmedia":[{"embeddable":true,"href":"https:\/\/www.ambienteyenergia.gob.ec\/ambiente\/wp-json\/wp\/v2\/media\/23214"}],"wp:attachment":[{"href":"https:\/\/www.ambienteyenergia.gob.ec\/ambiente\/wp-json\/wp\/v2\/media?parent=24151"}],"wp:term":[{"taxonomy":"category","embeddable":true,"href":"https:\/\/www.ambienteyenergia.gob.ec\/ambiente\/wp-json\/wp\/v2\/categories?post=24151"},{"taxonomy":"post_tag","embeddable":true,"href":"https:\/\/www.ambienteyenergia.gob.ec\/ambiente\/wp-json\/wp\/v2\/tags?post=24151"}],"curies":[{"name":"wp","href":"https:\/\/api.w.org\/{rel}","templated":true}]}}