{"id":24148,"date":"2015-01-28T16:14:18","date_gmt":"2015-01-28T21:14:18","guid":{"rendered":"http:\/\/www.ambiente.gob.ec\/?p=24148"},"modified":"2015-01-30T16:14:27","modified_gmt":"2015-01-30T21:14:27","slug":"mae-decomisa-a-un-gavilan-pollero-en-imbabura","status":"publish","type":"post","link":"https:\/\/www.ambienteyenergia.gob.ec\/ambiente\/mae-decomisa-a-un-gavilan-pollero-en-imbabura\/","title":{"rendered":"MAE decomisa a un Gavil\u00e1n Pollero en Imbabura"},"content":{"rendered":"<p style=\"text-align: justify;\">El pasado martes 27 de enero, t\u00e9cnicos de la Direcci\u00f3n Provincial del Ambiente de Imbabura conjuntamente con t\u00e9cnicos de la Reserva Ecol\u00f3gica Cotacachi Cayapas del Distrito Pi\u00f1\u00e1n\u00a0 y miembros de la Polic\u00eda Nacional, rescataron a un Gavil\u00e1n Pollero (<em>Buteo magnirostris<\/em>) que se encontraba enjaulado en una casa de la comunidad de Chiriyacu, ubicada en el cat\u00f3n Urcuqui.<\/p>\n<p style=\"text-align: justify;\">El decomiso se llev\u00f3 a cabo gracias al llamado telef\u00f3nico que un ciudadano realiz\u00f3 a las oficinas de la Direcci\u00f3n Provincial, donde present\u00f3 la denuncia de la posesi\u00f3n ilegal de esta ave; quiene aparentemente esta puesta en venta.<\/p>\n<p style=\"text-align: justify;\">El Gavil\u00e1n Pollero fue trasladado al Parque C\u00f3ndor, para ser examinado y puesto en cuarentena; para posteriormente llevar adelante el proceso de liberaci\u00f3n a su h\u00e1bitat natural, de ser el caso.<\/p>\n<p style=\"text-align: justify;\">El Ministerio del Ambiente del Ecuador continuar\u00e1 realizando operativos de control en todo el pa\u00eds y a la vez, seguir\u00e1 informando a la ciudadan\u00eda sobre la prohibici\u00f3n de tenencia de especies de vida silvestre; con el fin de de controlar, regular, impedir y disminuir este tipo de casos. \/\/MH<\/p>\n","protected":false},"excerpt":{"rendered":"<p class=\"excerpt\">El pasado martes 27 de enero, t\u00e9cnicos de la Direcci\u00f3n Provincial del Ambiente de Imbabura conjuntamente con t\u00e9cnicos de la Reserva Ecol\u00f3gica Cotacachi Cayapas del Distrito Pi\u00f1\u00e1n\u00a0 y miembros de la Polic\u00eda Nacional, rescataron a un Gavil\u00e1n Pollero (Buteo magnirostris) que se encontraba enjaulado en una casa de la comunidad de Chiriyacu, ubicada en el cat\u00f3n Urcuqui. El decomiso se&hellip; <a href=\"https:\/\/www.ambienteyenergia.gob.ec\/ambiente\/mae-decomisa-a-un-gavilan-pollero-en-imbabura\/\">Read more &rarr;<\/a><\/p>\n","protected":false},"author":13,"featured_media":24149,"comment_status":"open","ping_status":"open","sticky":false,"template":"","format":"standard","meta":{"footnotes":""},"categories":[16,4],"tags":[],"class_list":["post-24148","post","type-post","status-publish","format-standard","has-post-thumbnail","hentry","category-comunicamos","category-noticias","xfolkentry"],"_links":{"self":[{"href":"https:\/\/www.ambienteyenergia.gob.ec\/ambiente\/wp-json\/wp\/v2\/posts\/24148","targetHints":{"allow":["GET"]}}],"collection":[{"href":"https:\/\/www.ambienteyenergia.gob.ec\/ambiente\/wp-json\/wp\/v2\/posts"}],"about":[{"href":"https:\/\/www.ambienteyenergia.gob.ec\/ambiente\/wp-json\/wp\/v2\/types\/post"}],"author":[{"embeddable":true,"href":"https:\/\/www.ambienteyenergia.gob.ec\/ambiente\/wp-json\/wp\/v2\/users\/13"}],"replies":[{"embeddable":true,"href":"https:\/\/www.ambienteyenergia.gob.ec\/ambiente\/wp-json\/wp\/v2\/comments?post=24148"}],"version-history":[{"count":0,"href":"https:\/\/www.ambienteyenergia.gob.ec\/ambiente\/wp-json\/wp\/v2\/posts\/24148\/revisions"}],"wp:featuredmedia":[{"embeddable":true,"href":"https:\/\/www.ambienteyenergia.gob.ec\/ambiente\/wp-json\/wp\/v2\/media\/24149"}],"wp:attachment":[{"href":"https:\/\/www.ambienteyenergia.gob.ec\/ambiente\/wp-json\/wp\/v2\/media?parent=24148"}],"wp:term":[{"taxonomy":"category","embeddable":true,"href":"https:\/\/www.ambienteyenergia.gob.ec\/ambiente\/wp-json\/wp\/v2\/categories?post=24148"},{"taxonomy":"post_tag","embeddable":true,"href":"https:\/\/www.ambienteyenergia.gob.ec\/ambiente\/wp-json\/wp\/v2\/tags?post=24148"}],"curies":[{"name":"wp","href":"https:\/\/api.w.org\/{rel}","templated":true}]}}