{"id":24145,"date":"2015-01-29T16:06:15","date_gmt":"2015-01-29T21:06:15","guid":{"rendered":"http:\/\/www.ambiente.gob.ec\/?p=24145"},"modified":"2015-01-30T16:19:36","modified_gmt":"2015-01-30T21:19:36","slug":"mae-suspendio-a-empresa-que-contaminaba-el-estero-salado","status":"publish","type":"post","link":"https:\/\/www.ambienteyenergia.gob.ec\/ambiente\/mae-suspendio-a-empresa-que-contaminaba-el-estero-salado\/","title":{"rendered":"MAE suspendi\u00f3 a empresa que contaminaba el Estero Salado"},"content":{"rendered":"<p class=\"western\" style=\"text-align: justify;\" align=\"justify\">El Ministerio del Ambiente (MAE) a trav\u00e9s de la Direcci\u00f3n Provincial del Guayas, en cumplimiento de la Normativa Ambiental vigente suspendi\u00f3 parcialmente las actividades productivas de la empresa empacadora TRANSCITY S.A, pues exced\u00eda los l\u00edmites m\u00e1ximos permisibles de descargas establecidos dentro de la Norma de Calidad Ambiental y de descargas de efluentes.<\/p>\n<p class=\"western\" style=\"text-align: justify;\" align=\"justify\">\n<p class=\"western\" style=\"text-align: justify;\" align=\"justify\"><span style=\"color: #000000;\">Los resultados de muestras obtenidos a la salida de la planta de tratamiento y del agua residual, proveniente de una tuber\u00eda <\/span><span style=\"color: #000000;\">dirigida a los afluentes del Estero Salado,<\/span><span style=\"color: #000000;\"> fueron comparadas con la tabla 11 relacionada con el alcantarillado p\u00fablico, tabla 12 del cuerpo de agua dulce y tabla 13 del cuerpo de agua marina.<\/span><\/p>\n<p class=\"western\" style=\"text-align: justify;\" align=\"justify\">\n<p class=\"western\" style=\"text-align: justify;\" align=\"justify\">La empresa TRANSCITY S.A , cuya actividad comercial es el procesamiento y empacado de productos del mar (camar\u00f3n), no contaba con una planta de tratamiento de aguas servidas que cumpla con las especificaciones t\u00e9cnicas necesarias, motivo por el cual estas aguaseran dirigidas al sistema de aguas lluvias que desfogan en el Tramo A del Estero Salado, sector Kennedy- Urdesa.<\/p>\n<p class=\"western\" style=\"text-align: justify;\" align=\"justify\">\n<p class=\"western\" style=\"text-align: justify;\" align=\"justify\">La medida se levantar\u00e1 con la presentaci\u00f3n de la documentaci\u00f3n necesaria que garantice el fiel cumplimiento del plan de acci\u00f3n y el correcto funcionamiento de la planta de tratamiento que mantiene la empresa.<\/p>\n<p class=\"western\" style=\"text-align: justify;\" align=\"justify\">\n<p class=\"western\" style=\"text-align: justify;\" align=\"justify\">Estas acciones legales, coordinadas con la Intendencia y Gobernaci\u00f3n del Guayas, se efectuaron dentro del proceso administrativo signado con el n\u00famero 021-2015, como parte de las actividades consideradas en el Proyecto Guayaquil Ecol\u00f3gico, cuyos objetivos son remediar y sanear este importante afluente del puerto.<\/p>\n<p class=\"western\" style=\"text-align: justify;\" align=\"justify\">\n<p class=\"western\" style=\"text-align: justify;\" align=\"justify\"><strong>Antecedentes <\/strong><\/p>\n<p class=\"western\" style=\"text-align: justify;\" align=\"justify\">\n<p class=\"western\" style=\"text-align: justify;\" align=\"justify\">En febrero de 2014, se sancion\u00f3 a TRANSCITY S.A y mediante resoluci\u00f3n se orden\u00f3 a la empresa la presentaci\u00f3n de plan de acci\u00f3n integral para el tratamiento de aguas residuales.<\/p>\n<p class=\"western\" style=\"text-align: justify;\" align=\"justify\">Como parte de la agenda programada se realiz\u00f3 una nueva verificaci\u00f3n que di\u00f3 como resultado un nuevo proceso administrativo por incumplimiento de la medidas contempladas en plan de acci\u00f3n.\/gr-ds<\/p>\n","protected":false},"excerpt":{"rendered":"<p class=\"excerpt\">El Ministerio del Ambiente (MAE) a trav\u00e9s de la Direcci\u00f3n Provincial del Guayas, en cumplimiento de la Normativa Ambiental vigente suspendi\u00f3 parcialmente las actividades productivas de la empresa empacadora TRANSCITY S.A, pues exced\u00eda los l\u00edmites m\u00e1ximos permisibles de descargas establecidos dentro de la Norma de Calidad Ambiental y de descargas de efluentes. Los resultados de muestras obtenidos a la salida&hellip; <a href=\"https:\/\/www.ambienteyenergia.gob.ec\/ambiente\/mae-suspendio-a-empresa-que-contaminaba-el-estero-salado\/\">Read more &rarr;<\/a><\/p>\n","protected":false},"author":13,"featured_media":23214,"comment_status":"open","ping_status":"open","sticky":false,"template":"","format":"standard","meta":{"footnotes":""},"categories":[16,4],"tags":[],"class_list":["post-24145","post","type-post","status-publish","format-standard","has-post-thumbnail","hentry","category-comunicamos","category-noticias","xfolkentry"],"_links":{"self":[{"href":"https:\/\/www.ambienteyenergia.gob.ec\/ambiente\/wp-json\/wp\/v2\/posts\/24145","targetHints":{"allow":["GET"]}}],"collection":[{"href":"https:\/\/www.ambienteyenergia.gob.ec\/ambiente\/wp-json\/wp\/v2\/posts"}],"about":[{"href":"https:\/\/www.ambienteyenergia.gob.ec\/ambiente\/wp-json\/wp\/v2\/types\/post"}],"author":[{"embeddable":true,"href":"https:\/\/www.ambienteyenergia.gob.ec\/ambiente\/wp-json\/wp\/v2\/users\/13"}],"replies":[{"embeddable":true,"href":"https:\/\/www.ambienteyenergia.gob.ec\/ambiente\/wp-json\/wp\/v2\/comments?post=24145"}],"version-history":[{"count":0,"href":"https:\/\/www.ambienteyenergia.gob.ec\/ambiente\/wp-json\/wp\/v2\/posts\/24145\/revisions"}],"wp:featuredmedia":[{"embeddable":true,"href":"https:\/\/www.ambienteyenergia.gob.ec\/ambiente\/wp-json\/wp\/v2\/media\/23214"}],"wp:attachment":[{"href":"https:\/\/www.ambienteyenergia.gob.ec\/ambiente\/wp-json\/wp\/v2\/media?parent=24145"}],"wp:term":[{"taxonomy":"category","embeddable":true,"href":"https:\/\/www.ambienteyenergia.gob.ec\/ambiente\/wp-json\/wp\/v2\/categories?post=24145"},{"taxonomy":"post_tag","embeddable":true,"href":"https:\/\/www.ambienteyenergia.gob.ec\/ambiente\/wp-json\/wp\/v2\/tags?post=24145"}],"curies":[{"name":"wp","href":"https:\/\/api.w.org\/{rel}","templated":true}]}}