{"id":24140,"date":"2015-01-27T15:45:28","date_gmt":"2015-01-27T20:45:28","guid":{"rendered":"http:\/\/www.ambiente.gob.ec\/?p=24140"},"modified":"2015-01-29T15:45:19","modified_gmt":"2015-01-29T20:45:19","slug":"mae-presente-en-el-florecimiento-de-guayacanes","status":"publish","type":"post","link":"https:\/\/www.ambienteyenergia.gob.ec\/ambiente\/mae-presente-en-el-florecimiento-de-guayacanes\/","title":{"rendered":"MAE presente en el florecimiento de Guayacanes"},"content":{"rendered":"<p style=\"text-align: justify;\">El Ministerio del Ambiente a trav\u00e9s de la Direcci\u00f3n Provincial Loja, participa en varias actividades organizadas por el Comit\u00e9 Interinstitucional Ambiental de la provincia de Loja.<\/p>\n<p style=\"text-align: justify;\">Los d\u00edas 24 y 25 de enero de 2015, La Secretar\u00eda del Ambiente particip\u00f3 con la exposici\u00f3n de un Stand en la parroquia Cazaderos, en el que se realiz\u00f3 la entrega de material informativo y se dio a conocer las actividades que el Ministerio lleva a cabo para el cuidado ambiental y la importancia de conservar el Bosque Seco.<\/p>\n<p style=\"text-align: justify;\">As\u00ed mismo, la Direcci\u00f3n Provincial Loja particip\u00f3 en el recorrido de los 60km en la 1ra Ciclo Ruta Binacional Bosque Seco, la cual se realiz\u00f3 en 2 d\u00edas (24 y 25 de enero). El primer d\u00eda, la ruta inici\u00f3 desde el Ca\u00f1averal del Distrito de Casitas en Per\u00fa hasta Cazaderos en Ecuador (primer tramo de 45 km). El evento finaliz\u00f3 con n\u00fameros art\u00edsticos de ambos pa\u00edses en una noche llena de cultura.<\/p>\n<p style=\"text-align: justify;\">En el segundo d\u00eda se realiz\u00f3 el recorrido de 15km desde Cazaderos &#8211; Mangahurco en Ecuador, gracias al apoyo de los t\u00e9cnicos de la Oficina T\u00e9cnica Zapotillo y j\u00f3venes del Servicio Civil Ciudadano. La Direcci\u00f3n Provincial Loja colabor\u00f3 con puntos de hidrataci\u00f3n y banderines para prevenir percances para los ciclistas y con bebidas para rehidratar a los participantes en la carrera.<\/p>\n<p style=\"text-align: justify;\">Por otro lado, a partir del 23 de enero y hasta domingo 8 de febrero, el MAE participar\u00e1 de la campa\u00f1a de apadrinamiento de los Guayacanes, cuyo objetivo es que los turistas suscriban un acta de compromiso de cuidado y protecci\u00f3n de un \u00e1rbol de Guayac\u00e1n (padrino) y entreguen un valor voluntario para la conservaci\u00f3n del mismo, este dinero es recaudado por la Junta Parroquial; el 70% del mismo servir\u00e1 para actividades de conservaci\u00f3n y turismo comunitario del lugar y el 30% restante ser\u00e1 entregado al propietario del \u00e1rea donde se encuentran los Guayacanes para actividades de conservaci\u00f3n.<\/p>\n<p style=\"text-align: justify;\">Cabe resaltar que, a partir de las primeras lluvias del mes de enero, se da cada a\u00f1o un espect\u00e1culo \u00fanico, el florecimiento de los Guayacanes al sur del Ecuador. El extenso bosque de Guayac\u00e1n, muestra un intenso color amarillo. Sus flores son delicadas y una vez que los polinizadores han hecho su trabajo, caen del \u00e1rbol, dejando en el piso una delicada capa amarilla. El Ministerio de Ambiente est\u00e1 comprometido a cuidar el bosque de los Guayacanes y mantener protegida esta reserva natural.<\/p>\n<p style=\"text-align: justify;\">S\/J<\/p>\n","protected":false},"excerpt":{"rendered":"<p class=\"excerpt\">El Ministerio del Ambiente a trav\u00e9s de la Direcci\u00f3n Provincial Loja, participa en varias actividades organizadas por el Comit\u00e9 Interinstitucional Ambiental de la provincia de Loja. Los d\u00edas 24 y 25 de enero de 2015, La Secretar\u00eda del Ambiente particip\u00f3 con la exposici\u00f3n de un Stand en la parroquia Cazaderos, en el que se realiz\u00f3 la entrega de material informativo&hellip; <a href=\"https:\/\/www.ambienteyenergia.gob.ec\/ambiente\/mae-presente-en-el-florecimiento-de-guayacanes\/\">Read more &rarr;<\/a><\/p>\n","protected":false},"author":13,"featured_media":0,"comment_status":"open","ping_status":"open","sticky":false,"template":"","format":"standard","meta":{"footnotes":""},"categories":[16,4],"tags":[],"class_list":["post-24140","post","type-post","status-publish","format-standard","hentry","category-comunicamos","category-noticias","xfolkentry"],"_links":{"self":[{"href":"https:\/\/www.ambienteyenergia.gob.ec\/ambiente\/wp-json\/wp\/v2\/posts\/24140","targetHints":{"allow":["GET"]}}],"collection":[{"href":"https:\/\/www.ambienteyenergia.gob.ec\/ambiente\/wp-json\/wp\/v2\/posts"}],"about":[{"href":"https:\/\/www.ambienteyenergia.gob.ec\/ambiente\/wp-json\/wp\/v2\/types\/post"}],"author":[{"embeddable":true,"href":"https:\/\/www.ambienteyenergia.gob.ec\/ambiente\/wp-json\/wp\/v2\/users\/13"}],"replies":[{"embeddable":true,"href":"https:\/\/www.ambienteyenergia.gob.ec\/ambiente\/wp-json\/wp\/v2\/comments?post=24140"}],"version-history":[{"count":0,"href":"https:\/\/www.ambienteyenergia.gob.ec\/ambiente\/wp-json\/wp\/v2\/posts\/24140\/revisions"}],"wp:attachment":[{"href":"https:\/\/www.ambienteyenergia.gob.ec\/ambiente\/wp-json\/wp\/v2\/media?parent=24140"}],"wp:term":[{"taxonomy":"category","embeddable":true,"href":"https:\/\/www.ambienteyenergia.gob.ec\/ambiente\/wp-json\/wp\/v2\/categories?post=24140"},{"taxonomy":"post_tag","embeddable":true,"href":"https:\/\/www.ambienteyenergia.gob.ec\/ambiente\/wp-json\/wp\/v2\/tags?post=24140"}],"curies":[{"name":"wp","href":"https:\/\/api.w.org\/{rel}","templated":true}]}}