{"id":24137,"date":"2015-01-27T14:02:10","date_gmt":"2015-01-27T19:02:10","guid":{"rendered":"http:\/\/www.ambiente.gob.ec\/?p=24137"},"modified":"2015-01-27T14:02:10","modified_gmt":"2015-01-27T19:02:10","slug":"mae-capacito-sobre-manejo-de-desechos-peligrosos-en-imbabura","status":"publish","type":"post","link":"https:\/\/www.ambienteyenergia.gob.ec\/ambiente\/mae-capacito-sobre-manejo-de-desechos-peligrosos-en-imbabura\/","title":{"rendered":"MAE capacit\u00f3 sobre manejo de desechos peligrosos en Imbabura"},"content":{"rendered":"<p class=\"western\"><span lang=\"es-ES\">La Direcci\u00f3n Provincial del Ambiente de Imbabura en coordinaci\u00f3n con Agrocalidad, capacit\u00f3 a propietarios de 30 almacenes agr\u00edcolas de la provincia en cuanto al Manejo adecuado de Agroqu\u00edmicos.<\/span><\/p>\n<p class=\"western\">El taller se llev\u00f3 a cabo ayer en las instalaciones del Ministerio de Agricultura Ganader\u00eda Acuacultura y Pesca (MAGAP) con el objetivo de capacitar a los presentes sobre el uso y manejo adecuado de sustancias qu\u00edmicas y desechos peligrosos para evitar la posible contaminaci\u00f3n de fuentes de agua y suelos de las zonas m\u00e1s vulnerables por la utilizaci\u00f3n de estos productos agroqu\u00edmicos.<\/p>\n<p class=\"western\">Durante la capacitaci\u00f3n se inform\u00f3, adem\u00e1s, sobre la normativa legal aplicable al funcionamiento de almacenes agr\u00edcolas, uso y manejo de desechos peligrosos y especiales inhrentes a la actividad agropecuaria.\/li-ds<\/p>\n","protected":false},"excerpt":{"rendered":"<p class=\"excerpt\">La Direcci\u00f3n Provincial del Ambiente de Imbabura en coordinaci\u00f3n con Agrocalidad, capacit\u00f3 a propietarios de 30 almacenes agr\u00edcolas de la provincia en cuanto al Manejo adecuado de Agroqu\u00edmicos. El taller se llev\u00f3 a cabo ayer en las instalaciones del Ministerio de Agricultura Ganader\u00eda Acuacultura y Pesca (MAGAP) con el objetivo de capacitar a los presentes sobre el uso y manejo&hellip; <a href=\"https:\/\/www.ambienteyenergia.gob.ec\/ambiente\/mae-capacito-sobre-manejo-de-desechos-peligrosos-en-imbabura\/\">Read more &rarr;<\/a><\/p>\n","protected":false},"author":13,"featured_media":0,"comment_status":"open","ping_status":"open","sticky":false,"template":"","format":"standard","meta":{"footnotes":""},"categories":[16,4],"tags":[670,453,625,108,53],"class_list":["post-24137","post","type-post","status-publish","format-standard","hentry","category-comunicamos","category-noticias","tag-agroquimicos","tag-capacitacion","tag-desechos-peligrosos","tag-lorena-tapia","tag-mae","xfolkentry"],"_links":{"self":[{"href":"https:\/\/www.ambienteyenergia.gob.ec\/ambiente\/wp-json\/wp\/v2\/posts\/24137","targetHints":{"allow":["GET"]}}],"collection":[{"href":"https:\/\/www.ambienteyenergia.gob.ec\/ambiente\/wp-json\/wp\/v2\/posts"}],"about":[{"href":"https:\/\/www.ambienteyenergia.gob.ec\/ambiente\/wp-json\/wp\/v2\/types\/post"}],"author":[{"embeddable":true,"href":"https:\/\/www.ambienteyenergia.gob.ec\/ambiente\/wp-json\/wp\/v2\/users\/13"}],"replies":[{"embeddable":true,"href":"https:\/\/www.ambienteyenergia.gob.ec\/ambiente\/wp-json\/wp\/v2\/comments?post=24137"}],"version-history":[{"count":0,"href":"https:\/\/www.ambienteyenergia.gob.ec\/ambiente\/wp-json\/wp\/v2\/posts\/24137\/revisions"}],"wp:attachment":[{"href":"https:\/\/www.ambienteyenergia.gob.ec\/ambiente\/wp-json\/wp\/v2\/media?parent=24137"}],"wp:term":[{"taxonomy":"category","embeddable":true,"href":"https:\/\/www.ambienteyenergia.gob.ec\/ambiente\/wp-json\/wp\/v2\/categories?post=24137"},{"taxonomy":"post_tag","embeddable":true,"href":"https:\/\/www.ambienteyenergia.gob.ec\/ambiente\/wp-json\/wp\/v2\/tags?post=24137"}],"curies":[{"name":"wp","href":"https:\/\/api.w.org\/{rel}","templated":true}]}}