{"id":24128,"date":"2015-01-27T11:47:19","date_gmt":"2015-01-27T16:47:19","guid":{"rendered":"http:\/\/www.ambiente.gob.ec\/?p=24128"},"modified":"2015-01-27T11:47:19","modified_gmt":"2015-01-27T16:47:19","slug":"5298-kg-de-plaguicidas-recibiran-un-adecuado-tratamiento","status":"publish","type":"post","link":"https:\/\/www.ambienteyenergia.gob.ec\/ambiente\/5298-kg-de-plaguicidas-recibiran-un-adecuado-tratamiento\/","title":{"rendered":"529,8 kg. de plaguicidas recibir\u00e1n un adecuado tratamiento"},"content":{"rendered":"<p class=\"western\">La Organizaci\u00f3n de las Naciones Unidas para la Alimentaci\u00f3n y la Agricultura (<em>FAO<\/em>) en Ecuador ha ejecutado acciones para la recolecci\u00f3n y transporte de agroqu\u00edmicos en desuso dentro del Proyecto \u201cAsistencia t\u00e9cnica para la disposici\u00f3n final de plaguicidas obsoletos resultantes de los controles post-registro de insumos para la agricultura\u201d mismo que busca implementar de forma segura los mecanismos de disposici\u00f3n final de estas sustancias generadas.<\/p>\n<p class=\"western\">El Ministerio del Ambiente de Ecuador (MAE) otorg\u00f3 a la Agencia Ecuatoriana de Aseguramiento de la Calidad del Agro (Agrocalidad) los documentos habilitantes, para realizar la recolecci\u00f3n y almacenamiento temporal de Desechos Peligrosos en la Provincia de Bol\u00edvar.<\/p>\n<p class=\"western\">Ayer la Direcci\u00f3n Provincial del Ambiente de Bol\u00edvar y Agrocalidad entregaron cerca de 529,8 kilogramos de Desechos Peligrosos (agroqu\u00edmicos caducados fuera de Especificaci\u00f3n) a la empresa GYPAM S.A. para su respectiva movilizaci\u00f3n hacia la bodega temporal ubicada en la provincia del Guayas, en cumplimiento de las Normas de Seguridad INEN, y aplicando todos los protocolos de seguridad para el Manejo y Transporte de Desechos Peligrosos.<\/p>\n<p class=\"western\">Los plaguicidas son sustancias altamente contaminantes y t\u00f3xicas por lo que deben ser manejas de forma t\u00e9cnica y responsable para evitar causar un impacto negativo al ambiente.\/aj-ds<\/p>\n","protected":false},"excerpt":{"rendered":"<p class=\"excerpt\">La Organizaci\u00f3n de las Naciones Unidas para la Alimentaci\u00f3n y la Agricultura (FAO) en Ecuador ha ejecutado acciones para la recolecci\u00f3n y transporte de agroqu\u00edmicos en desuso dentro del Proyecto \u201cAsistencia t\u00e9cnica para la disposici\u00f3n final de plaguicidas obsoletos resultantes de los controles post-registro de insumos para la agricultura\u201d mismo que busca implementar de forma segura los mecanismos de disposici\u00f3n&hellip; <a href=\"https:\/\/www.ambienteyenergia.gob.ec\/ambiente\/5298-kg-de-plaguicidas-recibiran-un-adecuado-tratamiento\/\">Read more &rarr;<\/a><\/p>\n","protected":false},"author":13,"featured_media":0,"comment_status":"open","ping_status":"open","sticky":false,"template":"","format":"standard","meta":{"footnotes":""},"categories":[16,4],"tags":[625,108,53,666,667],"class_list":["post-24128","post","type-post","status-publish","format-standard","hentry","category-comunicamos","category-noticias","tag-desechos-peligrosos","tag-lorena-tapia","tag-mae","tag-plaguicidas","tag-tratamiento","xfolkentry"],"_links":{"self":[{"href":"https:\/\/www.ambienteyenergia.gob.ec\/ambiente\/wp-json\/wp\/v2\/posts\/24128","targetHints":{"allow":["GET"]}}],"collection":[{"href":"https:\/\/www.ambienteyenergia.gob.ec\/ambiente\/wp-json\/wp\/v2\/posts"}],"about":[{"href":"https:\/\/www.ambienteyenergia.gob.ec\/ambiente\/wp-json\/wp\/v2\/types\/post"}],"author":[{"embeddable":true,"href":"https:\/\/www.ambienteyenergia.gob.ec\/ambiente\/wp-json\/wp\/v2\/users\/13"}],"replies":[{"embeddable":true,"href":"https:\/\/www.ambienteyenergia.gob.ec\/ambiente\/wp-json\/wp\/v2\/comments?post=24128"}],"version-history":[{"count":0,"href":"https:\/\/www.ambienteyenergia.gob.ec\/ambiente\/wp-json\/wp\/v2\/posts\/24128\/revisions"}],"wp:attachment":[{"href":"https:\/\/www.ambienteyenergia.gob.ec\/ambiente\/wp-json\/wp\/v2\/media?parent=24128"}],"wp:term":[{"taxonomy":"category","embeddable":true,"href":"https:\/\/www.ambienteyenergia.gob.ec\/ambiente\/wp-json\/wp\/v2\/categories?post=24128"},{"taxonomy":"post_tag","embeddable":true,"href":"https:\/\/www.ambienteyenergia.gob.ec\/ambiente\/wp-json\/wp\/v2\/tags?post=24128"}],"curies":[{"name":"wp","href":"https:\/\/api.w.org\/{rel}","templated":true}]}}