{"id":24124,"date":"2015-01-27T11:06:42","date_gmt":"2015-01-27T16:06:42","guid":{"rendered":"http:\/\/www.ambiente.gob.ec\/?p=24124"},"modified":"2015-01-27T11:09:35","modified_gmt":"2015-01-27T16:09:35","slug":"gavilan-pollero-fue-rescatado-en-imbabura","status":"publish","type":"post","link":"https:\/\/www.ambienteyenergia.gob.ec\/ambiente\/gavilan-pollero-fue-rescatado-en-imbabura\/","title":{"rendered":"Gavil\u00e1n Pollero fue rescatado en Imbabura"},"content":{"rendered":"<p>&nbsp;<\/p>\n<p class=\"western\"><span style=\"font-family: Arial, sans-serif;\">El d\u00eda de ayer t\u00e9cnicos de la Direcci\u00f3n Provincial del Ambiente de Imbabura en conjunto con t\u00e9cnicos de la Reserva Ecol\u00f3gica Cotacachi Cayapas del Distrito Pi\u00f1\u00e1n y miembros de la Polic\u00eda Nacional rescataron un Gavil\u00e1n Pollero, (Buteo magnirostris) en un domicilio de la comunidad de Chiriyacu.<\/p>\n<p>Esto se logr\u00f3 gracias a una denuncia telef\u00f3nica realizada al Ministerio del Ambiente informando sobre la posesi\u00f3n ilegal de esta ave. Se sabe tambi\u00e9n que \u00e9ste esp\u00e9cimen iba a ser vendiendo por los infractores.<\/p>\n<p>Luego del operativo, personal t\u00e9cnico de esta Cartera de Estado traslad\u00f3 al ave al parque c\u00f3ndor, donde permanecer\u00e1 en cuarentena para su posterior liberaci\u00f3n en su h\u00e1bitat Natural.<\/p>\n<p>Con esto la Direcci\u00f3n continuar\u00e1 con los operativos de control y a la vez seguir\u00e1 informando a la ciudadan\u00eda sobre la prohibici\u00f3n de poseer especies de vida silvestre como mascotas.\/li-ds<\/span><\/p>\n<p><span style=\"font-family: Calibri, sans-serif;\">\u00a0<\/span><\/p>\n<p class=\"western\" align=\"JUSTIFY\">\n<p>&nbsp;<\/p>\n","protected":false},"excerpt":{"rendered":"<p class=\"excerpt\">&nbsp; El d\u00eda de ayer t\u00e9cnicos de la Direcci\u00f3n Provincial del Ambiente de Imbabura en conjunto con t\u00e9cnicos de la Reserva Ecol\u00f3gica Cotacachi Cayapas del Distrito Pi\u00f1\u00e1n y miembros de la Polic\u00eda Nacional rescataron un Gavil\u00e1n Pollero, (Buteo magnirostris) en un domicilio de la comunidad de Chiriyacu. Esto se logr\u00f3 gracias a una denuncia telef\u00f3nica realizada al Ministerio del Ambiente&hellip; <a href=\"https:\/\/www.ambienteyenergia.gob.ec\/ambiente\/gavilan-pollero-fue-rescatado-en-imbabura\/\">Read more &rarr;<\/a><\/p>\n","protected":false},"author":13,"featured_media":0,"comment_status":"open","ping_status":"open","sticky":false,"template":"","format":"standard","meta":{"footnotes":""},"categories":[16,4],"tags":[665,108,53,224,408],"class_list":["post-24124","post","type-post","status-publish","format-standard","hentry","category-comunicamos","category-noticias","tag-denuncia-ciudadana","tag-lorena-tapia","tag-mae","tag-rescate","tag-vida-silvestre","xfolkentry"],"_links":{"self":[{"href":"https:\/\/www.ambienteyenergia.gob.ec\/ambiente\/wp-json\/wp\/v2\/posts\/24124","targetHints":{"allow":["GET"]}}],"collection":[{"href":"https:\/\/www.ambienteyenergia.gob.ec\/ambiente\/wp-json\/wp\/v2\/posts"}],"about":[{"href":"https:\/\/www.ambienteyenergia.gob.ec\/ambiente\/wp-json\/wp\/v2\/types\/post"}],"author":[{"embeddable":true,"href":"https:\/\/www.ambienteyenergia.gob.ec\/ambiente\/wp-json\/wp\/v2\/users\/13"}],"replies":[{"embeddable":true,"href":"https:\/\/www.ambienteyenergia.gob.ec\/ambiente\/wp-json\/wp\/v2\/comments?post=24124"}],"version-history":[{"count":0,"href":"https:\/\/www.ambienteyenergia.gob.ec\/ambiente\/wp-json\/wp\/v2\/posts\/24124\/revisions"}],"wp:attachment":[{"href":"https:\/\/www.ambienteyenergia.gob.ec\/ambiente\/wp-json\/wp\/v2\/media?parent=24124"}],"wp:term":[{"taxonomy":"category","embeddable":true,"href":"https:\/\/www.ambienteyenergia.gob.ec\/ambiente\/wp-json\/wp\/v2\/categories?post=24124"},{"taxonomy":"post_tag","embeddable":true,"href":"https:\/\/www.ambienteyenergia.gob.ec\/ambiente\/wp-json\/wp\/v2\/tags?post=24124"}],"curies":[{"name":"wp","href":"https:\/\/api.w.org\/{rel}","templated":true}]}}