{"id":24122,"date":"2015-01-27T10:26:29","date_gmt":"2015-01-27T15:26:29","guid":{"rendered":"http:\/\/www.ambiente.gob.ec\/?p=24122"},"modified":"2015-01-27T10:26:29","modified_gmt":"2015-01-27T15:26:29","slug":"mae-celebro-el-dia-de-educacion-ambiental-en-guayaquil","status":"publish","type":"post","link":"https:\/\/www.ambienteyenergia.gob.ec\/ambiente\/mae-celebro-el-dia-de-educacion-ambiental-en-guayaquil\/","title":{"rendered":"MAE celebr\u00f3 el D\u00eda de Educaci\u00f3n Ambiental en Guayaquil"},"content":{"rendered":"<p class=\"western\" align=\"JUSTIFY\"><span style=\"font-family: Calibri, sans-serif;\"><span style=\"font-size: medium;\">El Ministerio del Ambiente a trav\u00e9s del Proyecto de Recuperaci\u00f3n de las \u00c1reas Protegidas de la ciudad de Guayaquil: Estero Salado e Isla Santay celebr\u00f3 el d\u00eda de Educaci\u00f3n Ambiental que se conmemora el 26 de enero. <\/span><\/span><\/p>\n<p class=\"western\" align=\"JUSTIFY\">El D\u00eda Mundial de la Educaci\u00f3n Ambiental tiene su origen en 1975, a\u00f1o en que se celebr\u00f3 en Belgrado (capital de la Rep\u00fablica de Serbia), el Seminario Internacional de Educaci\u00f3n Ambiental, donde participaron expertos en el tema de m\u00e1s de 70 pa\u00edses.<\/p>\n<p class=\"western\" align=\"JUSTIFY\">En la Escuela Carlos Romero Rodas ubicada al Suburbio de Guayaquil en las calles 42 y la B, en los alrededores del Estero Puerto Lisa, se ubic\u00f3 una carpa informativa en donde se realizaron charlas de educaci\u00f3n ambiental y una exposici\u00f3n de trabajos elaborados en materiales reciclados por los estudiantes de la instituci\u00f3n.<\/p>\n<p class=\"western\" align=\"JUSTIFY\">Adem\u00e1s se plantaron algarrobos, guasmos, cascol, ca\u00f1a f\u00edstula y guaba de bejuco con los estudiantes, catedr\u00e1ticos y padres de familia de \u00e9sta Unidad Educativa. Con esto se quiere fomentar el trabajo cuidado y conservaci\u00f3n del ambiente.<\/p>\n<p class=\"western\" align=\"JUSTIFY\">La Educaci\u00f3n Ambiental es una de las estrategias que realiza de forma permanente el Proyecto de Recuperaci\u00f3n de las \u00c1reas Protegidas de la ciudad de Guayaquil: Estero Salado e Isla Santay del Ministerio del Ambiente con campa\u00f1as en escuelas, colegios y comunidades aleda\u00f1as al Estero Salado.\/gr-ds<\/p>\n","protected":false},"excerpt":{"rendered":"<p class=\"excerpt\">El Ministerio del Ambiente a trav\u00e9s del Proyecto de Recuperaci\u00f3n de las \u00c1reas Protegidas de la ciudad de Guayaquil: Estero Salado e Isla Santay celebr\u00f3 el d\u00eda de Educaci\u00f3n Ambiental que se conmemora el 26 de enero. El D\u00eda Mundial de la Educaci\u00f3n Ambiental tiene su origen en 1975, a\u00f1o en que se celebr\u00f3 en Belgrado (capital de la Rep\u00fablica&hellip; <a href=\"https:\/\/www.ambienteyenergia.gob.ec\/ambiente\/mae-celebro-el-dia-de-educacion-ambiental-en-guayaquil\/\">Read more &rarr;<\/a><\/p>\n","protected":false},"author":13,"featured_media":0,"comment_status":"open","ping_status":"open","sticky":false,"template":"","format":"standard","meta":{"footnotes":""},"categories":[16,4],"tags":[478,108,53],"class_list":["post-24122","post","type-post","status-publish","format-standard","hentry","category-comunicamos","category-noticias","tag-educacion-ambiental","tag-lorena-tapia","tag-mae","xfolkentry"],"_links":{"self":[{"href":"https:\/\/www.ambienteyenergia.gob.ec\/ambiente\/wp-json\/wp\/v2\/posts\/24122","targetHints":{"allow":["GET"]}}],"collection":[{"href":"https:\/\/www.ambienteyenergia.gob.ec\/ambiente\/wp-json\/wp\/v2\/posts"}],"about":[{"href":"https:\/\/www.ambienteyenergia.gob.ec\/ambiente\/wp-json\/wp\/v2\/types\/post"}],"author":[{"embeddable":true,"href":"https:\/\/www.ambienteyenergia.gob.ec\/ambiente\/wp-json\/wp\/v2\/users\/13"}],"replies":[{"embeddable":true,"href":"https:\/\/www.ambienteyenergia.gob.ec\/ambiente\/wp-json\/wp\/v2\/comments?post=24122"}],"version-history":[{"count":0,"href":"https:\/\/www.ambienteyenergia.gob.ec\/ambiente\/wp-json\/wp\/v2\/posts\/24122\/revisions"}],"wp:attachment":[{"href":"https:\/\/www.ambienteyenergia.gob.ec\/ambiente\/wp-json\/wp\/v2\/media?parent=24122"}],"wp:term":[{"taxonomy":"category","embeddable":true,"href":"https:\/\/www.ambienteyenergia.gob.ec\/ambiente\/wp-json\/wp\/v2\/categories?post=24122"},{"taxonomy":"post_tag","embeddable":true,"href":"https:\/\/www.ambienteyenergia.gob.ec\/ambiente\/wp-json\/wp\/v2\/tags?post=24122"}],"curies":[{"name":"wp","href":"https:\/\/api.w.org\/{rel}","templated":true}]}}