{"id":24120,"date":"2015-01-27T09:39:33","date_gmt":"2015-01-27T14:39:33","guid":{"rendered":"http:\/\/www.ambiente.gob.ec\/?p=24120"},"modified":"2015-01-27T09:39:33","modified_gmt":"2015-01-27T14:39:33","slug":"mae-socializa-el-plan-nacional-de-restauracion-forestal-en-la-parroquia-de-quiroga","status":"publish","type":"post","link":"https:\/\/www.ambienteyenergia.gob.ec\/ambiente\/mae-socializa-el-plan-nacional-de-restauracion-forestal-en-la-parroquia-de-quiroga\/","title":{"rendered":"MAE socializa el Plan Nacional de Restauraci\u00f3n Forestal en la parroquia de Quiroga"},"content":{"rendered":"<p style=\"text-align: justify;\">El pasado 22 de enero, el Ministerio del Ambiente del Ecuador (MAE) mantuvo una reuni\u00f3n en las instalaciones del GAD parroquial de Quiroga, con las autoridades del lugar y la comunidad, con el fin de realizar la socializaci\u00f3n sobre los programas de restauraci\u00f3n forestal, conservaci\u00f3n y reforestaci\u00f3n que esta Cartera de Estado lleva a cabo a nivel nacional.<\/p>\n<p style=\"text-align: justify;\">El encuentro estuvo a cargo de t\u00e9cnicos de la Direcci\u00f3n Provincial de Imbabura, con la asistencia de 33 participantes, 14 mujeres y 19 hombres, a quienes se las explic\u00f3 el procedimiento para el ingreso al Plan Nacional de Restauraci\u00f3n Forestal (PNRF), de igual manera se socializ\u00f3 el valor del incentivo que le corresponder\u00eda al GAD al ingresar al PNRF.<\/p>\n<p style=\"text-align: justify;\">En este marco, el Presidente del GAD parroquial de Quiroga, Juan Lozano, se comprometi\u00f3 a trabajar de forma conjunta con los dirigentes comunitarios y moradores del sector, en la identificaci\u00f3n de las \u00e1reas que podr\u00edan ingresar al Plan Nacional de Restauraci\u00f3n Forestal.<\/p>\n<p style=\"text-align: justify;\">De esta forma el Ministerio del Ambiente, busca recuperar la funcionalidad de los ecosistemas para mejorar la calidad de vida de la gente, el fortalecimiento del desarrollo humano y econ\u00f3mico, y la integraci\u00f3n territorial. \/MH<\/p>\n","protected":false},"excerpt":{"rendered":"<p class=\"excerpt\">El pasado 22 de enero, el Ministerio del Ambiente del Ecuador (MAE) mantuvo una reuni\u00f3n en las instalaciones del GAD parroquial de Quiroga, con las autoridades del lugar y la comunidad, con el fin de realizar la socializaci\u00f3n sobre los programas de restauraci\u00f3n forestal, conservaci\u00f3n y reforestaci\u00f3n que esta Cartera de Estado lleva a cabo a nivel nacional. El encuentro&hellip; <a href=\"https:\/\/www.ambienteyenergia.gob.ec\/ambiente\/mae-socializa-el-plan-nacional-de-restauracion-forestal-en-la-parroquia-de-quiroga\/\">Read more &rarr;<\/a><\/p>\n","protected":false},"author":13,"featured_media":0,"comment_status":"open","ping_status":"open","sticky":false,"template":"","format":"standard","meta":{"footnotes":""},"categories":[16,4],"tags":[],"class_list":["post-24120","post","type-post","status-publish","format-standard","hentry","category-comunicamos","category-noticias","xfolkentry"],"_links":{"self":[{"href":"https:\/\/www.ambienteyenergia.gob.ec\/ambiente\/wp-json\/wp\/v2\/posts\/24120","targetHints":{"allow":["GET"]}}],"collection":[{"href":"https:\/\/www.ambienteyenergia.gob.ec\/ambiente\/wp-json\/wp\/v2\/posts"}],"about":[{"href":"https:\/\/www.ambienteyenergia.gob.ec\/ambiente\/wp-json\/wp\/v2\/types\/post"}],"author":[{"embeddable":true,"href":"https:\/\/www.ambienteyenergia.gob.ec\/ambiente\/wp-json\/wp\/v2\/users\/13"}],"replies":[{"embeddable":true,"href":"https:\/\/www.ambienteyenergia.gob.ec\/ambiente\/wp-json\/wp\/v2\/comments?post=24120"}],"version-history":[{"count":0,"href":"https:\/\/www.ambienteyenergia.gob.ec\/ambiente\/wp-json\/wp\/v2\/posts\/24120\/revisions"}],"wp:attachment":[{"href":"https:\/\/www.ambienteyenergia.gob.ec\/ambiente\/wp-json\/wp\/v2\/media?parent=24120"}],"wp:term":[{"taxonomy":"category","embeddable":true,"href":"https:\/\/www.ambienteyenergia.gob.ec\/ambiente\/wp-json\/wp\/v2\/categories?post=24120"},{"taxonomy":"post_tag","embeddable":true,"href":"https:\/\/www.ambienteyenergia.gob.ec\/ambiente\/wp-json\/wp\/v2\/tags?post=24120"}],"curies":[{"name":"wp","href":"https:\/\/api.w.org\/{rel}","templated":true}]}}