{"id":24118,"date":"2015-01-26T15:24:20","date_gmt":"2015-01-26T20:24:20","guid":{"rendered":"http:\/\/www.ambiente.gob.ec\/?p=24118"},"modified":"2015-01-26T15:24:20","modified_gmt":"2015-01-26T20:24:20","slug":"1-831-familias-se-benefician-con-proyectos-de-adaptabilidad-al-cambio-climatico","status":"publish","type":"post","link":"https:\/\/www.ambienteyenergia.gob.ec\/ambiente\/1-831-familias-se-benefician-con-proyectos-de-adaptabilidad-al-cambio-climatico\/","title":{"rendered":"1 831 familias  se benefician con proyectos de adaptabilidad al cambio clim\u00e1tico"},"content":{"rendered":"<p><span style=\"font-family: Calibri, sans-serif;\">Con una inversi\u00f3n de 358 025 d\u00f3lares el Ministerio del Ambiente, durante el 2014, implement\u00f3 siete medidas de adaptaci\u00f3n al cambio clim\u00e1tico en las parroquias Chumbl\u00edn, San Gerardo y las Nieves (provincia del Azuay), Tenta, Urdaneta (provincia de Loja) y Guanaz\u00e1n (provincia de El Oro) pertenecientes a la cuenca del r\u00edo Jubones . <\/span><\/p>\n<p><span style=\"font-family: Calibri, sans-serif;\">Entre las medidas ejecutadas se encuentra la recuperaci\u00f3n y fomento de semillas con atributos de resistencia a la sequ\u00eda, mejoramiento de sistemas riego, mejoramiento de la capacidad de retenci\u00f3n de agua en el suelo y recuperaci\u00f3n de ecosistemas de importancia h\u00eddrica en zonas vulnerables a la sequ\u00eda. <\/span><\/p>\n<p><span style=\"font-family: Calibri, sans-serif;\">Con esto se logr\u00f3 beneficiar de forma directa a 1 831 familias ubicadas en las zonas de mayor vulnerabilidad. Adem\u00e1s se han realizado actividades de sensibilizaci\u00f3n y capacitaci\u00f3n sobre los beneficios que suponen este tipo de medidas que se ejecutan en base a estudios y planes de adaptaci\u00f3n.<\/span><\/p>\n<p><span style=\"font-family: Calibri, sans-serif;\">Durante los siguientes meses se realizar\u00e1n una serie de visitas t\u00e9cnicas y capacitaciones bajo la modalidad de Escuelas de Campo de Agricultores (ECA). En este proceso se prev\u00e9 una participaci\u00f3n activa del Consorcio de la Cuenca del R\u00edo Jubones como socio ejecutor, el equipo del Ministerio del Ambiente, como equipo de seguimiento y monitoreo, de los Gobiernos Aut\u00f3nomos locales y de los l\u00edderes parroquiales. En Las Nieves, San Gerardo, Chumbl\u00edn y Shaglly los GADs han designado un promotor que apoye en la implementaci\u00f3n de las medidas. <\/span><\/p>\n<p><span style=\"font-family: Calibri, sans-serif;\">Por otro lado, en la provincia de Pichincha se logr\u00f3 aprobar tres medidas de adaptaci\u00f3n que corresponden a las parroquias de la Esperanza, Cangahua y Tabacundo, mismas que beneficiaran a 700 de las zonas. <\/span><\/p>\n<p><span style=\"font-family: Calibri, sans-serif;\">El planteamiento general de las medidas es asegurar la dotaci\u00f3n permanente de agua para las familias m\u00e1s vulnerables con el fin de evitar efectos adversos en la poblaci\u00f3n debido a la sequ\u00eda que es uno de las principales amenazas clim\u00e1ticas.\/va-ds<\/span><\/p>\n","protected":false},"excerpt":{"rendered":"<p class=\"excerpt\">Con una inversi\u00f3n de 358 025 d\u00f3lares el Ministerio del Ambiente, durante el 2014, implement\u00f3 siete medidas de adaptaci\u00f3n al cambio clim\u00e1tico en las parroquias Chumbl\u00edn, San Gerardo y las Nieves (provincia del Azuay), Tenta, Urdaneta (provincia de Loja) y Guanaz\u00e1n (provincia de El Oro) pertenecientes a la cuenca del r\u00edo Jubones . Entre las medidas ejecutadas se encuentra la&hellip; <a href=\"https:\/\/www.ambienteyenergia.gob.ec\/ambiente\/1-831-familias-se-benefician-con-proyectos-de-adaptabilidad-al-cambio-climatico\/\">Read more &rarr;<\/a><\/p>\n","protected":false},"author":13,"featured_media":0,"comment_status":"open","ping_status":"open","sticky":false,"template":"","format":"standard","meta":{"footnotes":""},"categories":[16,4],"tags":[133,108,53,663,664],"class_list":["post-24118","post","type-post","status-publish","format-standard","hentry","category-comunicamos","category-noticias","tag-cambio-climatico","tag-lorena-tapia","tag-mae","tag-medidas-de-adaptacion","tag-rio-jubones","xfolkentry"],"_links":{"self":[{"href":"https:\/\/www.ambienteyenergia.gob.ec\/ambiente\/wp-json\/wp\/v2\/posts\/24118","targetHints":{"allow":["GET"]}}],"collection":[{"href":"https:\/\/www.ambienteyenergia.gob.ec\/ambiente\/wp-json\/wp\/v2\/posts"}],"about":[{"href":"https:\/\/www.ambienteyenergia.gob.ec\/ambiente\/wp-json\/wp\/v2\/types\/post"}],"author":[{"embeddable":true,"href":"https:\/\/www.ambienteyenergia.gob.ec\/ambiente\/wp-json\/wp\/v2\/users\/13"}],"replies":[{"embeddable":true,"href":"https:\/\/www.ambienteyenergia.gob.ec\/ambiente\/wp-json\/wp\/v2\/comments?post=24118"}],"version-history":[{"count":0,"href":"https:\/\/www.ambienteyenergia.gob.ec\/ambiente\/wp-json\/wp\/v2\/posts\/24118\/revisions"}],"wp:attachment":[{"href":"https:\/\/www.ambienteyenergia.gob.ec\/ambiente\/wp-json\/wp\/v2\/media?parent=24118"}],"wp:term":[{"taxonomy":"category","embeddable":true,"href":"https:\/\/www.ambienteyenergia.gob.ec\/ambiente\/wp-json\/wp\/v2\/categories?post=24118"},{"taxonomy":"post_tag","embeddable":true,"href":"https:\/\/www.ambienteyenergia.gob.ec\/ambiente\/wp-json\/wp\/v2\/tags?post=24118"}],"curies":[{"name":"wp","href":"https:\/\/api.w.org\/{rel}","templated":true}]}}