{"id":24116,"date":"2015-01-26T13:39:50","date_gmt":"2015-01-26T18:39:50","guid":{"rendered":"http:\/\/www.ambiente.gob.ec\/?p=24116"},"modified":"2015-01-26T13:39:50","modified_gmt":"2015-01-26T18:39:50","slug":"en-orellana-se-festejo-con-cine-exhibiciones-y-concursos-el-dia-mundial-de-la-educacion-ambiental","status":"publish","type":"post","link":"https:\/\/www.ambienteyenergia.gob.ec\/ambiente\/en-orellana-se-festejo-con-cine-exhibiciones-y-concursos-el-dia-mundial-de-la-educacion-ambiental\/","title":{"rendered":"En Orellana se festej\u00f3 con cine, exhibiciones\u00a0 y concursos el D\u00eda Mundial de la Educaci\u00f3n Ambiental"},"content":{"rendered":"<p style=\"text-align: justify;\">Como parte de las celebraciones por el D\u00eda Internacional de la Educaci\u00f3n Ambiental, el Ministerio del Ambiente (MAE), a trav\u00e9s de la Jefatura del Parque Nacional Yasun\u00ed (PNY), organiz\u00f3 una funci\u00f3n de cine para ni\u00f1os y ni\u00f1as de diversos centros educativos de la ciudad de Puerto Francisco de Orellana, la m\u00e1s cercana al \u00e1rea protegida.<\/p>\n<p style=\"text-align: justify;\">El acto cont\u00f3 con la presencia del vicealcalde del cant\u00f3n, Antonio Cabrera, y del jefe del \u00c1rea Protegida, Jos\u00e9 Narv\u00e1ez, quienes inauguraron el evento frente a estudiantes de las unidades educativas V\u00edctor Ron y Manuela Ca\u00f1izares. La pel\u00edcula Lorax, filme reconocido como mejor Eco Movie for Kids 2009, se rob\u00f3 la atenci\u00f3n de los estudiantes.<\/p>\n<p style=\"text-align: justify;\">El Jefe del Parque Nacional Yasun\u00ed destac\u00f3 el contenido de la pel\u00edcula: \u201cel mensaje principal que nos deja es la importancia del cuidado del bosque y el buen aprovechamiento que debemos hacer de los recursos naturales, si no queremos vivir en un mundo con \u00e1rboles de pl\u00e1stico\u201d. Narv\u00e1ez\u00a0 hizo extensiva la invitaci\u00f3n del MAE\u00a0 a los ni\u00f1os y los j\u00f3venes para que lleven el mensaje de conservaci\u00f3n ambiental a sus familias.<\/p>\n<p style=\"text-align: justify;\">De su parte, el Vicealcalde recomend\u00f3 a los alumnos y alumnas tener conciencia ambiental y sembrar m\u00e1s \u00e1rboles para poder vivir y respirar mejor.<\/p>\n<p style=\"text-align: justify;\">Los asistentes al evento tambi\u00e9n pudieron disfrutar de exhibiciones realizadas por la fundaci\u00f3n Ingenier\u00eda sin Fronteras y un grupo de estudiantes de la Unidad Educativa Fiscomisional Padre Miguel Gamboa. Juntos demostraron c\u00f3mo se puede utilizar utensilios del hogar para la generaci\u00f3n de energ\u00edas alternativas destinadas al calentamiento y cocci\u00f3n de alimentos.<\/p>\n<p style=\"text-align: justify;\">Por su parte, la Direcci\u00f3n Provincial del Ambiente de Orellana organiz\u00f3 juegos y concursos para los estudiantes. Los ni\u00f1os demostraron mucho inter\u00e9s en la conservaci\u00f3n ambiental. Una de ellas fue Estefan\u00eda, estudiante de 13 a\u00f1os del Colegio V\u00edctor Ron. \u201cSi queremos al mundo, tenemos que cuidarlo para que sea el mejor lugar para nosotros y las futuras generaciones\u201d, manifest\u00f3.<\/p>\n<p style=\"text-align: justify;\">Para esta tarde est\u00e1 prevista la asistencia de estudiantes de otras instituciones educativas del cant\u00f3n al ciclo de cine organizado por para festejar este D\u00eda Mundial del Ambiente.<\/p>\n","protected":false},"excerpt":{"rendered":"<p class=\"excerpt\">Como parte de las celebraciones por el D\u00eda Internacional de la Educaci\u00f3n Ambiental, el Ministerio del Ambiente (MAE), a trav\u00e9s de la Jefatura del Parque Nacional Yasun\u00ed (PNY), organiz\u00f3 una funci\u00f3n de cine para ni\u00f1os y ni\u00f1as de diversos centros educativos de la ciudad de Puerto Francisco de Orellana, la m\u00e1s cercana al \u00e1rea protegida. El acto cont\u00f3 con la&hellip; <a href=\"https:\/\/www.ambienteyenergia.gob.ec\/ambiente\/en-orellana-se-festejo-con-cine-exhibiciones-y-concursos-el-dia-mundial-de-la-educacion-ambiental\/\">Read more &rarr;<\/a><\/p>\n","protected":false},"author":13,"featured_media":0,"comment_status":"open","ping_status":"open","sticky":false,"template":"","format":"standard","meta":{"footnotes":""},"categories":[16,4],"tags":[387],"class_list":["post-24116","post","type-post","status-publish","format-standard","hentry","category-comunicamos","category-noticias","tag-mae-lorena-tapia","xfolkentry"],"_links":{"self":[{"href":"https:\/\/www.ambienteyenergia.gob.ec\/ambiente\/wp-json\/wp\/v2\/posts\/24116","targetHints":{"allow":["GET"]}}],"collection":[{"href":"https:\/\/www.ambienteyenergia.gob.ec\/ambiente\/wp-json\/wp\/v2\/posts"}],"about":[{"href":"https:\/\/www.ambienteyenergia.gob.ec\/ambiente\/wp-json\/wp\/v2\/types\/post"}],"author":[{"embeddable":true,"href":"https:\/\/www.ambienteyenergia.gob.ec\/ambiente\/wp-json\/wp\/v2\/users\/13"}],"replies":[{"embeddable":true,"href":"https:\/\/www.ambienteyenergia.gob.ec\/ambiente\/wp-json\/wp\/v2\/comments?post=24116"}],"version-history":[{"count":0,"href":"https:\/\/www.ambienteyenergia.gob.ec\/ambiente\/wp-json\/wp\/v2\/posts\/24116\/revisions"}],"wp:attachment":[{"href":"https:\/\/www.ambienteyenergia.gob.ec\/ambiente\/wp-json\/wp\/v2\/media?parent=24116"}],"wp:term":[{"taxonomy":"category","embeddable":true,"href":"https:\/\/www.ambienteyenergia.gob.ec\/ambiente\/wp-json\/wp\/v2\/categories?post=24116"},{"taxonomy":"post_tag","embeddable":true,"href":"https:\/\/www.ambienteyenergia.gob.ec\/ambiente\/wp-json\/wp\/v2\/tags?post=24116"}],"curies":[{"name":"wp","href":"https:\/\/api.w.org\/{rel}","templated":true}]}}