{"id":24113,"date":"2015-01-26T11:48:39","date_gmt":"2015-01-26T16:48:39","guid":{"rendered":"http:\/\/www.ambiente.gob.ec\/?p=24113"},"modified":"2015-01-26T11:48:39","modified_gmt":"2015-01-26T16:48:39","slug":"mae-realiza-inspeccion-al-sistema-de-tratamiento-de-aguas-residuales-del-lago-san-pablo","status":"publish","type":"post","link":"https:\/\/www.ambienteyenergia.gob.ec\/ambiente\/mae-realiza-inspeccion-al-sistema-de-tratamiento-de-aguas-residuales-del-lago-san-pablo\/","title":{"rendered":"MAE realiza inspecci\u00f3n al Sistema de Tratamiento de Aguas Residuales del Lago San Pablo"},"content":{"rendered":"<p style=\"text-align: justify;\">Con el fin de determinar el estado actual de funcionamiento de las 11 plantas de tratamiento construidas en la cuenca del Lago San Pablo, el Ministerio del Ambiente del Ecuador (MAE) a trav\u00e9s de la Unidad de Calidad Ambiental de la Direcci\u00f3n Provincial del Ambiente de Imbabura y del Gobierno Aut\u00f3nomo Descentralizado de Otavalo, realizaron un recorrido el pasado 22 de enero en las plantas de tratamiento de: Eugenio Espejo, San Miguel Bajo, Cachiviro, Cuaraburo, Huaycopungo Norte y Huaycopungo Sur, Intihuaycopungo, San Pablo, Gonz\u00e1les Su\u00e1rez, Araque y Pucar\u00e1 de Vel\u00e1zquez; ubicadas en el cant\u00f3n Otavalo.<\/p>\n<p style=\"text-align: justify;\">Durante dicho recorrido, t\u00e9cnicos especializados pudieron verificar el estado y funcionamiento de 10 plantas que se encuentran operando de forma normal y una en estado de reparaci\u00f3n y mantenimiento. El buen funcionamiento de estas plantas de tratamiento de \u00faltima tecnolog\u00eda, permite realizar el tratamiento primario y secundario de las aguas residuales; a trav\u00e9s de unidades de sedimentaci\u00f3n, filtros anaerobios ascendentes y siembra de plantas acu\u00e1ticas (<em>lemna, lechugu\u00edn)<\/em> o pantanos artificiales con siembra de totorales, que purifican el agua con un nivel de eficiencia del 98%, para posteriormente devolver el agua depurada al lago.<\/p>\n<p style=\"text-align: justify;\">La inspecci\u00f3n realizada, es parte del proyecto \u201cRecuperaci\u00f3n del Lago San Pablo a trav\u00e9s del Alcantarillado Sanitario y tratamiento de las Aguas Servidas de las poblaciones aleda\u00f1as\u201d que inici\u00f3 en el a\u00f1o 2009, a partir de la suscripci\u00f3n del Convenio de Participaci\u00f3n Interinstitucional; con el prop\u00f3sito de solucionar los problemas ambientales y promover la mejora continua en todos los procesos de tratamiento de aguas de descarga y descontaminaci\u00f3n de cuerpos h\u00eddricos.<\/p>\n<p style=\"text-align: justify;\">De esta forma el MAE busca garantizar y mejorar la calidad de vida de los habitantes de la cuenca del lago San Pablo y al mismo tiempo fortalecer las iniciativas de conservaci\u00f3n de este recurso h\u00eddrico. \/\/MH<\/p>\n","protected":false},"excerpt":{"rendered":"<p class=\"excerpt\">Con el fin de determinar el estado actual de funcionamiento de las 11 plantas de tratamiento construidas en la cuenca del Lago San Pablo, el Ministerio del Ambiente del Ecuador (MAE) a trav\u00e9s de la Unidad de Calidad Ambiental de la Direcci\u00f3n Provincial del Ambiente de Imbabura y del Gobierno Aut\u00f3nomo Descentralizado de Otavalo, realizaron un recorrido el pasado 22&hellip; <a href=\"https:\/\/www.ambienteyenergia.gob.ec\/ambiente\/mae-realiza-inspeccion-al-sistema-de-tratamiento-de-aguas-residuales-del-lago-san-pablo\/\">Read more &rarr;<\/a><\/p>\n","protected":false},"author":13,"featured_media":0,"comment_status":"open","ping_status":"open","sticky":false,"template":"","format":"standard","meta":{"footnotes":""},"categories":[16,4],"tags":[],"class_list":["post-24113","post","type-post","status-publish","format-standard","hentry","category-comunicamos","category-noticias","xfolkentry"],"_links":{"self":[{"href":"https:\/\/www.ambienteyenergia.gob.ec\/ambiente\/wp-json\/wp\/v2\/posts\/24113","targetHints":{"allow":["GET"]}}],"collection":[{"href":"https:\/\/www.ambienteyenergia.gob.ec\/ambiente\/wp-json\/wp\/v2\/posts"}],"about":[{"href":"https:\/\/www.ambienteyenergia.gob.ec\/ambiente\/wp-json\/wp\/v2\/types\/post"}],"author":[{"embeddable":true,"href":"https:\/\/www.ambienteyenergia.gob.ec\/ambiente\/wp-json\/wp\/v2\/users\/13"}],"replies":[{"embeddable":true,"href":"https:\/\/www.ambienteyenergia.gob.ec\/ambiente\/wp-json\/wp\/v2\/comments?post=24113"}],"version-history":[{"count":0,"href":"https:\/\/www.ambienteyenergia.gob.ec\/ambiente\/wp-json\/wp\/v2\/posts\/24113\/revisions"}],"wp:attachment":[{"href":"https:\/\/www.ambienteyenergia.gob.ec\/ambiente\/wp-json\/wp\/v2\/media?parent=24113"}],"wp:term":[{"taxonomy":"category","embeddable":true,"href":"https:\/\/www.ambienteyenergia.gob.ec\/ambiente\/wp-json\/wp\/v2\/categories?post=24113"},{"taxonomy":"post_tag","embeddable":true,"href":"https:\/\/www.ambienteyenergia.gob.ec\/ambiente\/wp-json\/wp\/v2\/tags?post=24113"}],"curies":[{"name":"wp","href":"https:\/\/api.w.org\/{rel}","templated":true}]}}