{"id":24110,"date":"2015-01-26T09:40:10","date_gmt":"2015-01-26T14:40:10","guid":{"rendered":"http:\/\/www.ambiente.gob.ec\/?p=24110"},"modified":"2015-01-27T14:10:04","modified_gmt":"2015-01-27T19:10:04","slug":"mae-prepara-agenda-para-celebrar-el-dia-mundial-de-la-educacion-ambiental","status":"publish","type":"post","link":"https:\/\/www.ambienteyenergia.gob.ec\/ambiente\/mae-prepara-agenda-para-celebrar-el-dia-mundial-de-la-educacion-ambiental\/","title":{"rendered":"MAE prepara agenda para celebrar el D\u00eda Mundial de la Educaci\u00f3n Ambiental"},"content":{"rendered":"<p style=\"text-align: justify;\">Hoy 26 de enero se celebra el D\u00eda Mundial de la Educaci\u00f3n Ambiental, que tiene su origen en 1975 y que nace con el objetivo de crear conciencia en las personas en cuanto a la necesidad de participar en la conservaci\u00f3n y protecci\u00f3n del ambiente.<\/p>\n<p style=\"text-align: justify;\">Por ello, el Ministerio de Ambiente del Ecuador (MAE), con la colaboraci\u00f3n de la Red Educativa Metropolitana Quito (REMQ); tiene programado realizar varias actividades durante la semana del 26 al 30 de enero; con el fin de promover un cambio de actitud y sensibilizaci\u00f3n de la ciudadan\u00eda ante los problemas ambientales actuales.<\/p>\n<p style=\"text-align: justify;\">La Educaci\u00f3n Ambiental es un proceso que busca concienciar a la poblaci\u00f3n sobre las problem\u00e1ticas ambientales, de manera din\u00e1mica, para generar soluciones pertinentes a los da\u00f1os causados por actividades humanas y los efectos negativos que se producen en el medio ambiente. Ante ello, esta Cartera de Estado propone mecanismos pedag\u00f3gicos que permiten educar a la poblaci\u00f3n acerca de las buenas pr\u00e1cticas ambientales encaminadas al Buen Vivir.<\/p>\n<p style=\"text-align: justify;\">La agenda de actividades programada es:<\/p>\n<p style=\"text-align: justify;\"><strong>26 de Enero<\/strong><\/p>\n<p style=\"text-align: justify;\">Se invita al p\u00fablico en general, a la Expoferia por la Educaci\u00f3n Ambiental, que se llevar\u00e1 a cabo en el Ministerio de Agricultura, Ganader\u00eda, Acuacultura y Pesca (Av. Amazonas y Av. Eloy Alfaro) de 09h00 a 14h00. El evento tiene como objetivo motivar a la ciudadan\u00eda a un cambio de actitud frente al uso adecuado de los recursos naturales.<\/p>\n<p style=\"text-align: justify;\"><strong>27 de enero<\/strong><\/p>\n<p style=\"text-align: justify;\">Taller de Buenas Pr\u00e1cticas Ambientales y su aplicaci\u00f3n, en el Mercado Municipal la Floresta. La socializaci\u00f3n durar\u00e1 una hora de 14:00 \u2013 15:00 y estar\u00e1 direccionado a los comerciantes del mercado.<\/p>\n<p style=\"text-align: justify;\"><strong>28 de enero <\/strong><\/p>\n<p style=\"text-align: justify;\">Taller de Educaci\u00f3n Ambiental, aplicada a la importancia de la reforestaci\u00f3n. La actividad se llevar\u00e1 a cabo en el Colegio 11 de Febrero, de 9:00 a 11:00 y contar\u00e1 con la participaci\u00f3n de estudiantes de 1ero, 2do y 3ero de Bachillerato.<\/p>\n<p style=\"text-align: justify;\"><strong>29 de enero <\/strong><\/p>\n<p style=\"text-align: justify;\">Desfile por el D\u00eda de la Educaci\u00f3n Ambiental, en el Parque Central de Nay\u00f3n, en coordinaci\u00f3n con la Junta Parroquial e instituciones educativas participantes de la parroquia de Nay\u00f3n. El evento se realizar\u00e1 de 9:00 a 12:00.<\/p>\n<p style=\"text-align: justify;\"><strong>30 de enero <\/strong><\/p>\n<p style=\"text-align: justify;\">Se recuperar\u00e1 espacios verdes p\u00fablicos que han sido afectados por los incendios forestales en la parroquia de Nay\u00f3n, mediante el proyecto \u201cSembrando vida en tu ladera.\u201d El evento contar\u00e1 con la participaci\u00f3n de estudiantes de Bachillerato del Colegio 11 de Febrero. La jornada de reforestaci\u00f3n se realizar\u00e1 de 9h00 a 14h00 y tendr\u00e1 un seguimiento durante los pr\u00f3ximos meses.<\/p>\n<p style=\"text-align: justify;\">La actividad consiste de 3 etapas:<\/p>\n<p style=\"text-align: justify;\">1era Etapa: Entrega de plantas a los estudiantes participantes para su siembra.<\/p>\n<p style=\"text-align: justify;\">2da Etapa: Campa\u00f1a preventiva contra incendios en el mes de mayo.<\/p>\n<p style=\"text-align: justify;\">3era Etapa: Entrega del reconocimiento a la instituci\u00f3n educativa y estudiantes qui\u00e9nes apadrinar\u00e1n la siembra de \u00e1rboles.<\/p>\n<p style=\"text-align: justify;\"><strong>Del 21 al 30 de enero <\/strong><\/p>\n<p style=\"text-align: justify;\">Mediante un concurso interministerial, se escoger\u00e1 las fotograf\u00edas que mejor capten las acciones encaminadas a la protecci\u00f3n del ambiente y aquellas que mejor reflejen sus resultados positivos. Todos los funcionarios del sector p\u00fablico pueden participar en el Concurso de fotograf\u00eda ambiental. El 4 de febrero 2015 se premiar\u00e1 a los ganadores en el Ministerio del Ambiente.<\/p>\n<p style=\"text-align: justify;\">De esta forma, el Ministerio del Ambiente promueve la Educaci\u00f3n Ambiental e invita a la ciudadan\u00eda a ser part\u00edcipe de la misma para adquirir los conocimientos, actitudes y compromisos necesarios para proteger el medio ambiente y ser parte de un Ecuador Verde.<\/p>\n<p style=\"text-align: justify;\">SJ \/\/ MH<\/p>\n","protected":false},"excerpt":{"rendered":"<p class=\"excerpt\">Hoy 26 de enero se celebra el D\u00eda Mundial de la Educaci\u00f3n Ambiental, que tiene su origen en 1975 y que nace con el objetivo de crear conciencia en las personas en cuanto a la necesidad de participar en la conservaci\u00f3n y protecci\u00f3n del ambiente. Por ello, el Ministerio de Ambiente del Ecuador (MAE), con la colaboraci\u00f3n de la Red&hellip; <a href=\"https:\/\/www.ambienteyenergia.gob.ec\/ambiente\/mae-prepara-agenda-para-celebrar-el-dia-mundial-de-la-educacion-ambiental\/\">Read more &rarr;<\/a><\/p>\n","protected":false},"author":13,"featured_media":0,"comment_status":"open","ping_status":"open","sticky":false,"template":"","format":"standard","meta":{"footnotes":""},"categories":[16,4],"tags":[],"class_list":["post-24110","post","type-post","status-publish","format-standard","hentry","category-comunicamos","category-noticias","xfolkentry"],"_links":{"self":[{"href":"https:\/\/www.ambienteyenergia.gob.ec\/ambiente\/wp-json\/wp\/v2\/posts\/24110","targetHints":{"allow":["GET"]}}],"collection":[{"href":"https:\/\/www.ambienteyenergia.gob.ec\/ambiente\/wp-json\/wp\/v2\/posts"}],"about":[{"href":"https:\/\/www.ambienteyenergia.gob.ec\/ambiente\/wp-json\/wp\/v2\/types\/post"}],"author":[{"embeddable":true,"href":"https:\/\/www.ambienteyenergia.gob.ec\/ambiente\/wp-json\/wp\/v2\/users\/13"}],"replies":[{"embeddable":true,"href":"https:\/\/www.ambienteyenergia.gob.ec\/ambiente\/wp-json\/wp\/v2\/comments?post=24110"}],"version-history":[{"count":0,"href":"https:\/\/www.ambienteyenergia.gob.ec\/ambiente\/wp-json\/wp\/v2\/posts\/24110\/revisions"}],"wp:attachment":[{"href":"https:\/\/www.ambienteyenergia.gob.ec\/ambiente\/wp-json\/wp\/v2\/media?parent=24110"}],"wp:term":[{"taxonomy":"category","embeddable":true,"href":"https:\/\/www.ambienteyenergia.gob.ec\/ambiente\/wp-json\/wp\/v2\/categories?post=24110"},{"taxonomy":"post_tag","embeddable":true,"href":"https:\/\/www.ambienteyenergia.gob.ec\/ambiente\/wp-json\/wp\/v2\/tags?post=24110"}],"curies":[{"name":"wp","href":"https:\/\/api.w.org\/{rel}","templated":true}]}}