{"id":24098,"date":"2015-01-23T13:24:18","date_gmt":"2015-01-23T18:24:18","guid":{"rendered":"http:\/\/www.ambiente.gob.ec\/?p=24098"},"modified":"2015-01-23T13:38:53","modified_gmt":"2015-01-23T18:38:53","slug":"ministerio-del-ambiente-lidera-cooperacion-entre-el-earth-institute-con-ecuador","status":"publish","type":"post","link":"https:\/\/www.ambienteyenergia.gob.ec\/ambiente\/ministerio-del-ambiente-lidera-cooperacion-entre-el-earth-institute-con-ecuador\/","title":{"rendered":"Ministerio del Ambiente firm\u00f3 convenio de  cooperaci\u00f3n con el Earth Institute"},"content":{"rendered":"<p class=\"Standard\" style=\"color: rgb(0, 0, 0); text-align: justify;\">Despu\u00e9s de un esfuerzo coordinado entre el Earth Institute y el Ministerio del Ambiente del Ecuador,\u00a0 el MAE suscribi\u00f3 un convenio \u00a0con dicho instituto superior que permita operativizar la asistencia t\u00e9cnica con \u00e9nfasis en transferencia de tecnolog\u00eda y conocimiento con el objetivo de garantizar una rector\u00eda ambiental sostenible, en materia de biodiversidad, y cambio clim\u00e1tico, donde constan las siguientes tem\u00e1ticas:<\/p>\n<p class=\"Standard\" style=\"color: rgb(0, 0, 0); text-align: justify;\">\u2022\u00a0\u00a0\u00a0\u00a0Asesoramiento estrat\u00e9gico y apoyo t\u00e9cnico en \u00e1reas relacionadas a la predicci\u00f3n clim\u00e1tica, la variabilidad del clima, y de carbonizaci\u00f3n de los sistemas econ\u00f3micos en el pa\u00eds.<\/p>\n<p class=\"Standard\" style=\"color: rgb(0, 0, 0); text-align: justify;\">\u2022\u00a0\u00a0\u00a0\u00a0Asesoramiento estrat\u00e9gico y apoyo t\u00e9cnico en \u00e1reas relacionadas a la Agricultura sostenible, gesti\u00f3n de recursos h\u00eddricos, conservaci\u00f3n de la biodiversidad, gesti\u00f3n de residuos, monitoreo de ecosistemas, gesti\u00f3n de la informaci\u00f3n de la calidad de los recursos, modelado del sistema clim\u00e1tico y cambios del uso del suelo.<\/p>\n<p class=\"Standard\" style=\"color: rgb(0, 0, 0); text-align: justify;\">\u2022\u00a0\u00a0\u00a0\u00a0Proporcionar asesoramiento sobre pol\u00edticas en \u00e1reas relacionadas con los Objetivos post-2015, relacionados a los Objetivos de Desarrollo Sostenibles, y especializados en las relacionadas con el cambio clim\u00e1tico, la biodiversidad, la conservaci\u00f3n y los servicios ambientales.<\/p>\n<p class=\"Standard\" style=\"color: rgb(0, 0, 0); text-align: justify;\">\u2022\u00a0\u00a0\u00a0\u00a0Conducir investigaci\u00f3n conjunta en los siguientes temas de investigaci\u00f3n: piscicultura tropical amaz\u00f3nica, gesti\u00f3n agr\u00edcola y forestal y control de plagas, cr\u00eda y producci\u00f3n de las especies silvestres prometedores, monitoreo de los recursos y las tasas de explotaci\u00f3n, mecanismos de extracci\u00f3n de recursos sostenibles (aceites, aceites esenciales, colorantes agentes, frutas, etc), restauraci\u00f3n, permacultura y agroecolog\u00eda, evaluaci\u00f3n de los ecosistemas, etc.<\/p>\n<p class=\"Standard\" style=\"color: rgb(0, 0, 0); text-align: justify;\">\u2022\u00a0\u00a0\u00a0\u00a0Promover visitas de intercambio, investigaci\u00f3n, programas educativos, seminarios y conferencias entre el Ministerio, el Instituto de Nacional de Biodiversidad y el Instituto.<\/p>\n<p class=\"Standard\" style=\"color: rgb(0, 0, 0); text-align: justify;\">\u2022\u00a0\u00a0\u00a0\u00a0Capacitar profesores e investigadores seleccionados en \u00e1reas relacionadas con el desarrollo sostenible.<\/p>\n<p class=\"Standard\" style=\"color: rgb(0, 0, 0); text-align: justify;\">Apoyar las campa\u00f1as nacionales de educaci\u00f3n p\u00fablica del Instituto Nacional de Biodiversidad en materia de derechos humanos y la naturaleza. Una parte importante de este programa es un enfoque en los procesos de Comunicaci\u00f3n, Educaci\u00f3n y Conciencia P\u00fablica (CEPA), que se establece en la Convenci\u00f3n sobre la Diversidad Biol\u00f3gica, en particular bajo la meta Aichi 1.<\/p>\n<p class=\"Standard\" style=\"color: rgb(0, 0, 0); text-align: justify;\">\u201cEste tipo de alianzas estrat\u00e9gicas a nivel de cooperaci\u00f3n t\u00e9cnica, no solo aportan de conocimientos y herramientas para combatir problem\u00e1ticas ambientales a nivel local, sino que adem\u00e1s se constituyen como ejemplos a nivel mundial de trabajo conjunto con un solo objetivo que es la protecci\u00f3n, cuidado y conservaci\u00f3n de los recursos naturales a nivel mundial, y garantizar de esta forma un ambiente sano y una sociedad equilibrada\u201d, dijo la Ministra del Ambiente, Lorena Tapia N\u00fanez.<\/p>\n<p class=\"Standard\" style=\"color: rgb(0, 0, 0); text-align: justify;\">Esta importante noticia fue producto de negociaciones\u00a0 que empezaron en el marco del desarrollo de la LXIX \u00a0Asamblea de las Naciones Unidas y la Cumbre Clim\u00e1tica de Jefes de Estado realizada el pasado septiembre cuando el Ministerio del Ambiente de Ecuador (MAE) logr\u00f3 un primer acercamiento con el Earth Institute de la Universidad de Columbia, con el objetivo de lograr convenios de cooperaci\u00f3n en materia de cambio clim\u00e1tico y biodiversidad.<\/p>\n<p class=\"Standard\" style=\"color: rgb(0, 0, 0); text-align: justify;\">En esta cita, la Ministra del Ambiente, Lorena Tapia, como m\u00e1xima representante del Gobierno Nacional, particip\u00f3 de una reuni\u00f3n con l\u00edderes y cient\u00edficos sobre cambio clim\u00e1tico, con el objetivo de determinar metodolog\u00edas de trabajo a desarrollar como parte de una estrategia mundial para disminuir este fen\u00f3meno clim\u00e1tico y sus efectos en el planeta y la diversidad biol\u00f3gica.<\/p>\n<p class=\"Standard\" style=\"color: rgb(0, 0, 0); text-align: justify;\">En una reuni\u00f3n especial con Jeffrey Sachs, Director del Earth Institute se confirm\u00f3 el inter\u00e9s de las dos autoridades de formalizar las intenciones de trabajo conjunto mediante la suscripci\u00f3n de un Memorando de Entendimiento, en el que se incluyen diferentes tem\u00e1ticas de cooperaci\u00f3n.<\/p>\n<p class=\"Standard\" style=\"color: rgb(0, 0, 0); text-align: justify;\"><b>\u00bfQu\u00e9 es el Earth Institute?<\/b><\/p>\n<p class=\"Standard\" style=\"color: rgb(0, 0, 0); text-align: justify;\">Earth Institute (Instituto de la Tierra) de la Universidad de Columbia de Estados Unidos, re\u00fane recursos humanos y tecnol\u00f3gicos de calidad para abordar varios de los problemas que afronta el mundo como el cambio clim\u00e1tico y la degradaci\u00f3n ambiental, la pobreza, la enfermedad y el uso sostenible de los recursos. Este instituto cuenta con 28 unidades y programas los cuales tienen sede en Columbia y en donde trabajan m\u00e1s de 850 cient\u00edficos, estudiantes, becarios postdoctorales y personal.<\/p>\n<p class=\"Standard\" style=\"color: rgb(0, 0, 0); text-align: justify;\">El instituto apoya proyectos pioneros en las ramas de ingenier\u00eda, biolog\u00eda, ciencias de la salud y sociales, fomentando al mismo tiempo activamente a proyectos interdisciplinares que combinan ciencias naturales y sociales en la b\u00fasqueda de soluciones a los problemas del mundo real.<\/p>\n","protected":false},"excerpt":{"rendered":"<p class=\"excerpt\">Despu\u00e9s de un esfuerzo coordinado entre el Earth Institute y el Ministerio del Ambiente del Ecuador,\u00a0 el MAE suscribi\u00f3 un convenio \u00a0con dicho instituto superior que permita operativizar la asistencia t\u00e9cnica con \u00e9nfasis en transferencia de tecnolog\u00eda y conocimiento con el objetivo de garantizar una rector\u00eda ambiental sostenible, en materia de biodiversidad, y cambio clim\u00e1tico, donde constan las siguientes tem\u00e1ticas:&hellip; <a href=\"https:\/\/www.ambienteyenergia.gob.ec\/ambiente\/ministerio-del-ambiente-lidera-cooperacion-entre-el-earth-institute-con-ecuador\/\">Read more &rarr;<\/a><\/p>\n","protected":false},"author":13,"featured_media":0,"comment_status":"open","ping_status":"open","sticky":false,"template":"","format":"standard","meta":{"footnotes":""},"categories":[16,4],"tags":[],"class_list":["post-24098","post","type-post","status-publish","format-standard","hentry","category-comunicamos","category-noticias","xfolkentry"],"_links":{"self":[{"href":"https:\/\/www.ambienteyenergia.gob.ec\/ambiente\/wp-json\/wp\/v2\/posts\/24098","targetHints":{"allow":["GET"]}}],"collection":[{"href":"https:\/\/www.ambienteyenergia.gob.ec\/ambiente\/wp-json\/wp\/v2\/posts"}],"about":[{"href":"https:\/\/www.ambienteyenergia.gob.ec\/ambiente\/wp-json\/wp\/v2\/types\/post"}],"author":[{"embeddable":true,"href":"https:\/\/www.ambienteyenergia.gob.ec\/ambiente\/wp-json\/wp\/v2\/users\/13"}],"replies":[{"embeddable":true,"href":"https:\/\/www.ambienteyenergia.gob.ec\/ambiente\/wp-json\/wp\/v2\/comments?post=24098"}],"version-history":[{"count":0,"href":"https:\/\/www.ambienteyenergia.gob.ec\/ambiente\/wp-json\/wp\/v2\/posts\/24098\/revisions"}],"wp:attachment":[{"href":"https:\/\/www.ambienteyenergia.gob.ec\/ambiente\/wp-json\/wp\/v2\/media?parent=24098"}],"wp:term":[{"taxonomy":"category","embeddable":true,"href":"https:\/\/www.ambienteyenergia.gob.ec\/ambiente\/wp-json\/wp\/v2\/categories?post=24098"},{"taxonomy":"post_tag","embeddable":true,"href":"https:\/\/www.ambienteyenergia.gob.ec\/ambiente\/wp-json\/wp\/v2\/tags?post=24098"}],"curies":[{"name":"wp","href":"https:\/\/api.w.org\/{rel}","templated":true}]}}